{"id":7984,"date":"2020-06-05T11:59:26","date_gmt":"2020-06-05T14:59:26","guid":{"rendered":"http:\/\/facic-ce.com.br\/site\/?p=7984"},"modified":"2020-06-05T11:59:26","modified_gmt":"2020-06-05T14:59:26","slug":"sebrae-disponibiliza-protocolos-de-funcionamento-para-primeiro-grupo-de-setores-do-comercio","status":"publish","type":"post","link":"http:\/\/facic-ce.com.br\/site\/sebrae-disponibiliza-protocolos-de-funcionamento-para-primeiro-grupo-de-setores-do-comercio\/","title":{"rendered":"SEBRAE DISPONIBILIZA PROTOCOLOS DE FUNCIONAMENTO PARA PRIMEIRO GRUPO DE SETORES DO COM\u00c9RCIO"},"content":{"rendered":"<p>Acima o primeiro grupo de setores que o SEBRAE est\u00e1 oferecendo gratuitamente os protocolos de funcionamento a partir das exig\u00eancias dos \u00d3rg\u00e3os de normatiza\u00e7\u00e3o. Todos estar\u00e3o acompanhados de v\u00eddeo did\u00e1tico e cartilha eletr\u00f4nica (e-book liberado para download) para uso dos empres\u00e1rios. O Turismo e seus principais setores est\u00e3o contemplados. No Cear\u00e1 est\u00e3o agregando servi\u00e7os t\u00e9cnicos de consultores apoiando a implanta\u00e7\u00e3o nas empresas. Quem possui o SELO DE QUALIDADE SEBRAE ter\u00e1 prioridade no atendimento e m\u00eddia junto a clientela.<\/p>\n<p>At\u00e9 dia 15\/6 Sebrae Nacional far\u00e1 lan\u00e7amento nas m\u00eddias, por\u00e9m j\u00e1 est\u00e3o disponibilizando o material. USE!!!<\/p>\n","protected":false},"excerpt":{"rendered":"<p>Acima o primeiro grupo de setores que o SEBRAE est\u00e1 oferecendo gratuitamente os protocolos de funcionamento a partir das exig\u00eancias dos \u00d3rg\u00e3os de normatiza\u00e7\u00e3o. Todos estar\u00e3o acompanhados de v\u00eddeo did\u00e1tico&#8230;<\/p>\n","protected":false},"author":2,"featured_media":0,"comment_status":"open","ping_status":"open","sticky":false,"template":"","format":"standard","meta":[],"categories":[3],"tags":[],"_links":{"self":[{"href":"http:\/\/facic-ce.com.br\/site\/wp-json\/wp\/v2\/posts\/7984"}],"collection":[{"href":"http:\/\/facic-ce.com.br\/site\/wp-json\/wp\/v2\/posts"}],"about":[{"href":"http:\/\/facic-ce.com.br\/site\/wp-json\/wp\/v2\/types\/post"}],"author":[{"embeddable":true,"href":"http:\/\/facic-ce.com.br\/site\/wp-json\/wp\/v2\/users\/2"}],"replies":[{"embeddable":true,"href":"http:\/\/facic-ce.com.br\/site\/wp-json\/wp\/v2\/comments?post=7984"}],"version-history":[{"count":1,"href":"http:\/\/facic-ce.com.br\/site\/wp-json\/wp\/v2\/posts\/7984\/revisions"}],"predecessor-version":[{"id":7985,"href":"http:\/\/facic-ce.com.br\/site\/wp-json\/wp\/v2\/posts\/7984\/revisions\/7985"}],"wp:attachment":[{"href":"http:\/\/facic-ce.com.br\/site\/wp-json\/wp\/v2\/media?parent=7984"}],"wp:term":[{"taxonomy":"category","embeddable":true,"href":"http:\/\/facic-ce.com.br\/site\/wp-json\/wp\/v2\/categories?post=7984"},{"taxonomy":"post_tag","embeddable":true,"href":"http:\/\/facic-ce.com.br\/site\/wp-json\/wp\/v2\/tags?post=7984"}],"curies":[{"name":"wp","href":"https:\/\/api.w.org\/{rel}","templated":true}]}}