{"id":8303,"date":"2022-09-22T15:01:27","date_gmt":"2022-09-22T18:01:27","guid":{"rendered":"http:\/\/facic-ce.com.br\/site\/?p=8303"},"modified":"2022-09-23T14:46:58","modified_gmt":"2022-09-23T17:46:58","slug":"reuniao-conjunta-facic-sindilojas-e-sindimac","status":"publish","type":"post","link":"http:\/\/facic-ce.com.br\/site\/reuniao-conjunta-facic-sindilojas-e-sindimac\/","title":{"rendered":"Reuni\u00e3o conjunta FACIC, Sindilojas e Sindimac"},"content":{"rendered":"<p>Na tarde de ontem (21), tivemos reuni\u00e3o conjunta com o Sindilojas e o Sindimac, durante a reuni\u00e3o foi apresentado pela Fecom\u00e9rcio o &#8220;Cart\u00e3o do Empres\u00e1rio&#8221; criado para apoiar os empreendedores no quesito economia, al\u00e9m de proporcionar diversos beneficios, por exemplo: descontos na compra de carros zero km, acesso aos restaurantes do SESC, descontos nos cursos e consultorias SENAC, descontos especiais em faculdades, planos diferenciados em telefonia movel, entre outros produtos de empresas parceiras. Segue link com mais informa\u00e7\u00f5es sobre o Cart\u00e3o do Empres\u00e1rio : <a href=\"https:\/\/www.fecomercio-ce.com.br\/cartao-do-empresario\/\">https:\/\/www.fecomercio-ce.com.br\/cartao-do-empresario\/<\/a><\/p>\n<p><img loading=\"lazy\" class=\"alignnone wp-image-8332\" src=\"http:\/\/facic-ce.com.br\/site\/wp-content\/uploads\/2022\/09\/SINDILOJAS-REUNIAO-1-243x300.jpeg\" alt=\"\" width=\"298\" height=\"368\" srcset=\"http:\/\/facic-ce.com.br\/site\/wp-content\/uploads\/2022\/09\/SINDILOJAS-REUNIAO-1-243x300.jpeg 243w, http:\/\/facic-ce.com.br\/site\/wp-content\/uploads\/2022\/09\/SINDILOJAS-REUNIAO-1.jpeg 270w\" sizes=\"(max-width: 298px) 100vw, 298px\" \/><\/p>\n<p><img loading=\"lazy\" class=\"alignnone size-medium wp-image-8305\" src=\"http:\/\/facic-ce.com.br\/site\/wp-content\/uploads\/2022\/09\/WhatsApp-Image-2022-09-22-at-08.13.32-300x225.jpeg\" alt=\"\" width=\"300\" height=\"225\" srcset=\"http:\/\/facic-ce.com.br\/site\/wp-content\/uploads\/2022\/09\/WhatsApp-Image-2022-09-22-at-08.13.32-300x225.jpeg 300w, http:\/\/facic-ce.com.br\/site\/wp-content\/uploads\/2022\/09\/WhatsApp-Image-2022-09-22-at-08.13.32-1024x768.jpeg 1024w, http:\/\/facic-ce.com.br\/site\/wp-content\/uploads\/2022\/09\/WhatsApp-Image-2022-09-22-at-08.13.32-768x576.jpeg 768w, http:\/\/facic-ce.com.br\/site\/wp-content\/uploads\/2022\/09\/WhatsApp-Image-2022-09-22-at-08.13.32-1536x1152.jpeg 1536w, http:\/\/facic-ce.com.br\/site\/wp-content\/uploads\/2022\/09\/WhatsApp-Image-2022-09-22-at-08.13.32.jpeg 1600w\" sizes=\"(max-width: 300px) 100vw, 300px\" \/><\/p>\n","protected":false},"excerpt":{"rendered":"<p>Na tarde de ontem (21), tivemos reuni\u00e3o conjunta com o Sindilojas e o Sindimac, durante a reuni\u00e3o foi apresentado pela Fecom\u00e9rcio o &#8220;Cart\u00e3o do Empres\u00e1rio&#8221; criado para apoiar os empreendedores&#8230;<\/p>\n","protected":false},"author":2,"featured_media":8306,"comment_status":"open","ping_status":"open","sticky":false,"template":"","format":"standard","meta":[],"categories":[3],"tags":[],"_links":{"self":[{"href":"http:\/\/facic-ce.com.br\/site\/wp-json\/wp\/v2\/posts\/8303"}],"collection":[{"href":"http:\/\/facic-ce.com.br\/site\/wp-json\/wp\/v2\/posts"}],"about":[{"href":"http:\/\/facic-ce.com.br\/site\/wp-json\/wp\/v2\/types\/post"}],"author":[{"embeddable":true,"href":"http:\/\/facic-ce.com.br\/site\/wp-json\/wp\/v2\/users\/2"}],"replies":[{"embeddable":true,"href":"http:\/\/facic-ce.com.br\/site\/wp-json\/wp\/v2\/comments?post=8303"}],"version-history":[{"count":9,"href":"http:\/\/facic-ce.com.br\/site\/wp-json\/wp\/v2\/posts\/8303\/revisions"}],"predecessor-version":[{"id":8337,"href":"http:\/\/facic-ce.com.br\/site\/wp-json\/wp\/v2\/posts\/8303\/revisions\/8337"}],"wp:featuredmedia":[{"embeddable":true,"href":"http:\/\/facic-ce.com.br\/site\/wp-json\/wp\/v2\/media\/8306"}],"wp:attachment":[{"href":"http:\/\/facic-ce.com.br\/site\/wp-json\/wp\/v2\/media?parent=8303"}],"wp:term":[{"taxonomy":"category","embeddable":true,"href":"http:\/\/facic-ce.com.br\/site\/wp-json\/wp\/v2\/categories?post=8303"},{"taxonomy":"post_tag","embeddable":true,"href":"http:\/\/facic-ce.com.br\/site\/wp-json\/wp\/v2\/tags?post=8303"}],"curies":[{"name":"wp","href":"https:\/\/api.w.org\/{rel}","templated":true}]}}