{"id":9078,"date":"2025-07-23T15:06:36","date_gmt":"2025-07-23T18:06:36","guid":{"rendered":"https:\/\/facic-ce.com.br\/site\/?p=9078"},"modified":"2025-07-23T15:06:36","modified_gmt":"2025-07-23T18:06:36","slug":"a-facic-em-parceria-com-o-sindilojas-fortaleza-e-o-sindimac-ceara-sediou-um-evento-magno","status":"publish","type":"post","link":"http:\/\/facic-ce.com.br\/site\/a-facic-em-parceria-com-o-sindilojas-fortaleza-e-o-sindimac-ceara-sediou-um-evento-magno\/","title":{"rendered":"a FACIC, em parceria com o Sindilojas Fortaleza e o Sindimac Cear\u00e1, sediou um evento magno"},"content":{"rendered":"\n\t\t<style type=\"text\/css\">\n\t\t\t#gallery-1 {\n\t\t\t\tmargin: auto;\n\t\t\t}\n\t\t\t#gallery-1 .gallery-item {\n\t\t\t\tfloat: left;\n\t\t\t\tmargin-top: 10px;\n\t\t\t\ttext-align: center;\n\t\t\t\twidth: 25%;\n\t\t\t}\n\t\t\t#gallery-1 img {\n\t\t\t\tborder: 2px solid #cfcfcf;\n\t\t\t}\n\t\t\t#gallery-1 .gallery-caption {\n\t\t\t\tmargin-left: 0;\n\t\t\t}\n\t\t\t\/* see gallery_shortcode() in wp-includes\/media.php *\/\n\t\t<\/style>\n\t\t<div id='gallery-1' class='gallery galleryid-9078 gallery-columns-4 gallery-size-medium'><dl class='gallery-item'>\n\t\t\t<dt class='gallery-icon portrait'>\n\t\t\t\t<a href='http:\/\/facic-ce.com.br\/site\/a-facic-em-parceria-com-o-sindilojas-fortaleza-e-o-sindimac-ceara-sediou-um-evento-magno\/img_20250721_134447_hdr\/'><img width=\"225\" height=\"300\" src=\"http:\/\/facic-ce.com.br\/site\/wp-content\/uploads\/2025\/07\/IMG_20250721_134447_HDR-225x300.jpg\" class=\"attachment-medium size-medium\" alt=\"\" loading=\"lazy\" srcset=\"http:\/\/facic-ce.com.br\/site\/wp-content\/uploads\/2025\/07\/IMG_20250721_134447_HDR-225x300.jpg 225w, http:\/\/facic-ce.com.br\/site\/wp-content\/uploads\/2025\/07\/IMG_20250721_134447_HDR-768x1024.jpg 768w, http:\/\/facic-ce.com.br\/site\/wp-content\/uploads\/2025\/07\/IMG_20250721_134447_HDR-1152x1536.jpg 1152w, http:\/\/facic-ce.com.br\/site\/wp-content\/uploads\/2025\/07\/IMG_20250721_134447_HDR-1536x2048.jpg 1536w, http:\/\/facic-ce.com.br\/site\/wp-content\/uploads\/2025\/07\/IMG_20250721_134447_HDR-scaled.jpg 1920w\" sizes=\"(max-width: 225px) 100vw, 225px\" \/><\/a>\n\t\t\t<\/dt><\/dl><dl class='gallery-item'>\n\t\t\t<dt class='gallery-icon portrait'>\n\t\t\t\t<a href='http:\/\/facic-ce.com.br\/site\/a-facic-em-parceria-com-o-sindilojas-fortaleza-e-o-sindimac-ceara-sediou-um-evento-magno\/img_20250721_134622_hdr\/'><img width=\"225\" height=\"300\" src=\"http:\/\/facic-ce.com.br\/site\/wp-content\/uploads\/2025\/07\/IMG_20250721_134622_HDR-225x300.jpg\" class=\"attachment-medium size-medium\" alt=\"\" loading=\"lazy\" srcset=\"http:\/\/facic-ce.com.br\/site\/wp-content\/uploads\/2025\/07\/IMG_20250721_134622_HDR-225x300.jpg 225w, http:\/\/facic-ce.com.br\/site\/wp-content\/uploads\/2025\/07\/IMG_20250721_134622_HDR-768x1024.jpg 768w, http:\/\/facic-ce.com.br\/site\/wp-content\/uploads\/2025\/07\/IMG_20250721_134622_HDR-1152x1536.jpg 1152w, http:\/\/facic-ce.com.br\/site\/wp-content\/uploads\/2025\/07\/IMG_20250721_134622_HDR-1536x2048.jpg 1536w, http:\/\/facic-ce.com.br\/site\/wp-content\/uploads\/2025\/07\/IMG_20250721_134622_HDR-scaled.jpg 1920w\" sizes=\"(max-width: 225px) 100vw, 225px\" \/><\/a>\n\t\t\t<\/dt><\/dl><dl class='gallery-item'>\n\t\t\t<dt class='gallery-icon portrait'>\n\t\t\t\t<a href='http:\/\/facic-ce.com.br\/site\/a-facic-em-parceria-com-o-sindilojas-fortaleza-e-o-sindimac-ceara-sediou-um-evento-magno\/img_20250721_134916_hdr\/'><img width=\"225\" height=\"300\" src=\"http:\/\/facic-ce.com.br\/site\/wp-content\/uploads\/2025\/07\/IMG_20250721_134916_HDR-225x300.jpg\" class=\"attachment-medium size-medium\" alt=\"\" loading=\"lazy\" srcset=\"http:\/\/facic-ce.com.br\/site\/wp-content\/uploads\/2025\/07\/IMG_20250721_134916_HDR-225x300.jpg 225w, http:\/\/facic-ce.com.br\/site\/wp-content\/uploads\/2025\/07\/IMG_20250721_134916_HDR-768x1024.jpg 768w, http:\/\/facic-ce.com.br\/site\/wp-content\/uploads\/2025\/07\/IMG_20250721_134916_HDR-1152x1536.jpg 1152w, http:\/\/facic-ce.com.br\/site\/wp-content\/uploads\/2025\/07\/IMG_20250721_134916_HDR-1536x2048.jpg 1536w, http:\/\/facic-ce.com.br\/site\/wp-content\/uploads\/2025\/07\/IMG_20250721_134916_HDR-scaled.jpg 1920w\" sizes=\"(max-width: 225px) 100vw, 225px\" \/><\/a>\n\t\t\t<\/dt><\/dl><dl class='gallery-item'>\n\t\t\t<dt class='gallery-icon portrait'>\n\t\t\t\t<a href='http:\/\/facic-ce.com.br\/site\/a-facic-em-parceria-com-o-sindilojas-fortaleza-e-o-sindimac-ceara-sediou-um-evento-magno\/img_20250721_135012_hdr\/'><img width=\"225\" height=\"300\" src=\"http:\/\/facic-ce.com.br\/site\/wp-content\/uploads\/2025\/07\/IMG_20250721_135012_HDR-225x300.jpg\" class=\"attachment-medium size-medium\" alt=\"\" loading=\"lazy\" srcset=\"http:\/\/facic-ce.com.br\/site\/wp-content\/uploads\/2025\/07\/IMG_20250721_135012_HDR-225x300.jpg 225w, http:\/\/facic-ce.com.br\/site\/wp-content\/uploads\/2025\/07\/IMG_20250721_135012_HDR-768x1024.jpg 768w, http:\/\/facic-ce.com.br\/site\/wp-content\/uploads\/2025\/07\/IMG_20250721_135012_HDR-1152x1536.jpg 1152w, http:\/\/facic-ce.com.br\/site\/wp-content\/uploads\/2025\/07\/IMG_20250721_135012_HDR-1536x2048.jpg 1536w, http:\/\/facic-ce.com.br\/site\/wp-content\/uploads\/2025\/07\/IMG_20250721_135012_HDR-scaled.jpg 1920w\" sizes=\"(max-width: 225px) 100vw, 225px\" \/><\/a>\n\t\t\t<\/dt><\/dl><br style=\"clear: both\" \/><dl class='gallery-item'>\n\t\t\t<dt class='gallery-icon portrait'>\n\t\t\t\t<a href='http:\/\/facic-ce.com.br\/site\/a-facic-em-parceria-com-o-sindilojas-fortaleza-e-o-sindimac-ceara-sediou-um-evento-magno\/img_20250721_135519_hdr\/'><img width=\"225\" height=\"300\" src=\"http:\/\/facic-ce.com.br\/site\/wp-content\/uploads\/2025\/07\/IMG_20250721_135519_HDR-225x300.jpg\" class=\"attachment-medium size-medium\" alt=\"\" loading=\"lazy\" srcset=\"http:\/\/facic-ce.com.br\/site\/wp-content\/uploads\/2025\/07\/IMG_20250721_135519_HDR-225x300.jpg 225w, http:\/\/facic-ce.com.br\/site\/wp-content\/uploads\/2025\/07\/IMG_20250721_135519_HDR-768x1024.jpg 768w, http:\/\/facic-ce.com.br\/site\/wp-content\/uploads\/2025\/07\/IMG_20250721_135519_HDR-1152x1536.jpg 1152w, http:\/\/facic-ce.com.br\/site\/wp-content\/uploads\/2025\/07\/IMG_20250721_135519_HDR-1536x2048.jpg 1536w, http:\/\/facic-ce.com.br\/site\/wp-content\/uploads\/2025\/07\/IMG_20250721_135519_HDR-scaled.jpg 1920w\" sizes=\"(max-width: 225px) 100vw, 225px\" \/><\/a>\n\t\t\t<\/dt><\/dl><dl class='gallery-item'>\n\t\t\t<dt class='gallery-icon portrait'>\n\t\t\t\t<a href='http:\/\/facic-ce.com.br\/site\/a-facic-em-parceria-com-o-sindilojas-fortaleza-e-o-sindimac-ceara-sediou-um-evento-magno\/img_20250721_135617_hdr\/'><img width=\"225\" height=\"300\" src=\"http:\/\/facic-ce.com.br\/site\/wp-content\/uploads\/2025\/07\/IMG_20250721_135617_HDR-225x300.jpg\" class=\"attachment-medium size-medium\" alt=\"\" loading=\"lazy\" srcset=\"http:\/\/facic-ce.com.br\/site\/wp-content\/uploads\/2025\/07\/IMG_20250721_135617_HDR-225x300.jpg 225w, http:\/\/facic-ce.com.br\/site\/wp-content\/uploads\/2025\/07\/IMG_20250721_135617_HDR-768x1024.jpg 768w, http:\/\/facic-ce.com.br\/site\/wp-content\/uploads\/2025\/07\/IMG_20250721_135617_HDR-1152x1536.jpg 1152w, http:\/\/facic-ce.com.br\/site\/wp-content\/uploads\/2025\/07\/IMG_20250721_135617_HDR-1536x2048.jpg 1536w, http:\/\/facic-ce.com.br\/site\/wp-content\/uploads\/2025\/07\/IMG_20250721_135617_HDR-scaled.jpg 1920w\" sizes=\"(max-width: 225px) 100vw, 225px\" \/><\/a>\n\t\t\t<\/dt><\/dl><dl class='gallery-item'>\n\t\t\t<dt class='gallery-icon portrait'>\n\t\t\t\t<a href='http:\/\/facic-ce.com.br\/site\/a-facic-em-parceria-com-o-sindilojas-fortaleza-e-o-sindimac-ceara-sediou-um-evento-magno\/img_20250721_140315_hdr\/'><img width=\"225\" height=\"300\" src=\"http:\/\/facic-ce.com.br\/site\/wp-content\/uploads\/2025\/07\/IMG_20250721_140315_HDR-225x300.jpg\" class=\"attachment-medium size-medium\" alt=\"\" loading=\"lazy\" srcset=\"http:\/\/facic-ce.com.br\/site\/wp-content\/uploads\/2025\/07\/IMG_20250721_140315_HDR-225x300.jpg 225w, http:\/\/facic-ce.com.br\/site\/wp-content\/uploads\/2025\/07\/IMG_20250721_140315_HDR-768x1024.jpg 768w, http:\/\/facic-ce.com.br\/site\/wp-content\/uploads\/2025\/07\/IMG_20250721_140315_HDR-1152x1536.jpg 1152w, http:\/\/facic-ce.com.br\/site\/wp-content\/uploads\/2025\/07\/IMG_20250721_140315_HDR-1536x2048.jpg 1536w, http:\/\/facic-ce.com.br\/site\/wp-content\/uploads\/2025\/07\/IMG_20250721_140315_HDR-scaled.jpg 1920w\" sizes=\"(max-width: 225px) 100vw, 225px\" \/><\/a>\n\t\t\t<\/dt><\/dl><dl class='gallery-item'>\n\t\t\t<dt class='gallery-icon portrait'>\n\t\t\t\t<a href='http:\/\/facic-ce.com.br\/site\/a-facic-em-parceria-com-o-sindilojas-fortaleza-e-o-sindimac-ceara-sediou-um-evento-magno\/img_20250721_140451_hdr\/'><img width=\"225\" height=\"300\" src=\"http:\/\/facic-ce.com.br\/site\/wp-content\/uploads\/2025\/07\/IMG_20250721_140451_HDR-225x300.jpg\" class=\"attachment-medium size-medium\" alt=\"\" loading=\"lazy\" srcset=\"http:\/\/facic-ce.com.br\/site\/wp-content\/uploads\/2025\/07\/IMG_20250721_140451_HDR-225x300.jpg 225w, http:\/\/facic-ce.com.br\/site\/wp-content\/uploads\/2025\/07\/IMG_20250721_140451_HDR-768x1024.jpg 768w, http:\/\/facic-ce.com.br\/site\/wp-content\/uploads\/2025\/07\/IMG_20250721_140451_HDR-1152x1536.jpg 1152w, http:\/\/facic-ce.com.br\/site\/wp-content\/uploads\/2025\/07\/IMG_20250721_140451_HDR-1536x2048.jpg 1536w, http:\/\/facic-ce.com.br\/site\/wp-content\/uploads\/2025\/07\/IMG_20250721_140451_HDR-scaled.jpg 1920w\" sizes=\"(max-width: 225px) 100vw, 225px\" \/><\/a>\n\t\t\t<\/dt><\/dl><br style=\"clear: both\" \/><dl class='gallery-item'>\n\t\t\t<dt class='gallery-icon portrait'>\n\t\t\t\t<a href='http:\/\/facic-ce.com.br\/site\/a-facic-em-parceria-com-o-sindilojas-fortaleza-e-o-sindimac-ceara-sediou-um-evento-magno\/img_20250721_140900_hdr\/'><img width=\"225\" height=\"300\" src=\"http:\/\/facic-ce.com.br\/site\/wp-content\/uploads\/2025\/07\/IMG_20250721_140900_HDR-225x300.jpg\" class=\"attachment-medium size-medium\" alt=\"\" loading=\"lazy\" srcset=\"http:\/\/facic-ce.com.br\/site\/wp-content\/uploads\/2025\/07\/IMG_20250721_140900_HDR-225x300.jpg 225w, http:\/\/facic-ce.com.br\/site\/wp-content\/uploads\/2025\/07\/IMG_20250721_140900_HDR-768x1024.jpg 768w, http:\/\/facic-ce.com.br\/site\/wp-content\/uploads\/2025\/07\/IMG_20250721_140900_HDR-1152x1536.jpg 1152w, http:\/\/facic-ce.com.br\/site\/wp-content\/uploads\/2025\/07\/IMG_20250721_140900_HDR-1536x2048.jpg 1536w, http:\/\/facic-ce.com.br\/site\/wp-content\/uploads\/2025\/07\/IMG_20250721_140900_HDR-scaled.jpg 1920w\" sizes=\"(max-width: 225px) 100vw, 225px\" \/><\/a>\n\t\t\t<\/dt><\/dl><dl class='gallery-item'>\n\t\t\t<dt class='gallery-icon portrait'>\n\t\t\t\t<a href='http:\/\/facic-ce.com.br\/site\/a-facic-em-parceria-com-o-sindilojas-fortaleza-e-o-sindimac-ceara-sediou-um-evento-magno\/img_20250721_141020_hdr\/'><img width=\"225\" height=\"300\" src=\"http:\/\/facic-ce.com.br\/site\/wp-content\/uploads\/2025\/07\/IMG_20250721_141020_HDR-225x300.jpg\" class=\"attachment-medium size-medium\" alt=\"\" loading=\"lazy\" srcset=\"http:\/\/facic-ce.com.br\/site\/wp-content\/uploads\/2025\/07\/IMG_20250721_141020_HDR-225x300.jpg 225w, http:\/\/facic-ce.com.br\/site\/wp-content\/uploads\/2025\/07\/IMG_20250721_141020_HDR-768x1024.jpg 768w, http:\/\/facic-ce.com.br\/site\/wp-content\/uploads\/2025\/07\/IMG_20250721_141020_HDR-1152x1536.jpg 1152w, http:\/\/facic-ce.com.br\/site\/wp-content\/uploads\/2025\/07\/IMG_20250721_141020_HDR-1536x2048.jpg 1536w, http:\/\/facic-ce.com.br\/site\/wp-content\/uploads\/2025\/07\/IMG_20250721_141020_HDR-scaled.jpg 1920w\" sizes=\"(max-width: 225px) 100vw, 225px\" \/><\/a>\n\t\t\t<\/dt><\/dl><dl class='gallery-item'>\n\t\t\t<dt class='gallery-icon portrait'>\n\t\t\t\t<a href='http:\/\/facic-ce.com.br\/site\/a-facic-em-parceria-com-o-sindilojas-fortaleza-e-o-sindimac-ceara-sediou-um-evento-magno\/img_20250721_141429_hdr\/'><img width=\"225\" height=\"300\" src=\"http:\/\/facic-ce.com.br\/site\/wp-content\/uploads\/2025\/07\/IMG_20250721_141429_HDR-225x300.jpg\" class=\"attachment-medium size-medium\" alt=\"\" loading=\"lazy\" srcset=\"http:\/\/facic-ce.com.br\/site\/wp-content\/uploads\/2025\/07\/IMG_20250721_141429_HDR-225x300.jpg 225w, http:\/\/facic-ce.com.br\/site\/wp-content\/uploads\/2025\/07\/IMG_20250721_141429_HDR-768x1024.jpg 768w, http:\/\/facic-ce.com.br\/site\/wp-content\/uploads\/2025\/07\/IMG_20250721_141429_HDR-1152x1536.jpg 1152w, http:\/\/facic-ce.com.br\/site\/wp-content\/uploads\/2025\/07\/IMG_20250721_141429_HDR-1536x2048.jpg 1536w, http:\/\/facic-ce.com.br\/site\/wp-content\/uploads\/2025\/07\/IMG_20250721_141429_HDR-scaled.jpg 1920w\" sizes=\"(max-width: 225px) 100vw, 225px\" \/><\/a>\n\t\t\t<\/dt><\/dl><dl class='gallery-item'>\n\t\t\t<dt class='gallery-icon portrait'>\n\t\t\t\t<a href='http:\/\/facic-ce.com.br\/site\/a-facic-em-parceria-com-o-sindilojas-fortaleza-e-o-sindimac-ceara-sediou-um-evento-magno\/img_20250721_141558_hdr\/'><img width=\"225\" height=\"300\" src=\"http:\/\/facic-ce.com.br\/site\/wp-content\/uploads\/2025\/07\/IMG_20250721_141558_HDR-225x300.jpg\" class=\"attachment-medium size-medium\" alt=\"\" loading=\"lazy\" srcset=\"http:\/\/facic-ce.com.br\/site\/wp-content\/uploads\/2025\/07\/IMG_20250721_141558_HDR-225x300.jpg 225w, http:\/\/facic-ce.com.br\/site\/wp-content\/uploads\/2025\/07\/IMG_20250721_141558_HDR-768x1024.jpg 768w, http:\/\/facic-ce.com.br\/site\/wp-content\/uploads\/2025\/07\/IMG_20250721_141558_HDR-1152x1536.jpg 1152w, http:\/\/facic-ce.com.br\/site\/wp-content\/uploads\/2025\/07\/IMG_20250721_141558_HDR-1536x2048.jpg 1536w, http:\/\/facic-ce.com.br\/site\/wp-content\/uploads\/2025\/07\/IMG_20250721_141558_HDR-scaled.jpg 1920w\" sizes=\"(max-width: 225px) 100vw, 225px\" \/><\/a>\n\t\t\t<\/dt><\/dl><br style=\"clear: both\" \/><dl class='gallery-item'>\n\t\t\t<dt class='gallery-icon portrait'>\n\t\t\t\t<a href='http:\/\/facic-ce.com.br\/site\/a-facic-em-parceria-com-o-sindilojas-fortaleza-e-o-sindimac-ceara-sediou-um-evento-magno\/img-20250721-wa0087\/'><img width=\"169\" height=\"300\" src=\"http:\/\/facic-ce.com.br\/site\/wp-content\/uploads\/2025\/07\/IMG-20250721-WA0087-169x300.jpg\" class=\"attachment-medium size-medium\" alt=\"\" loading=\"lazy\" srcset=\"http:\/\/facic-ce.com.br\/site\/wp-content\/uploads\/2025\/07\/IMG-20250721-WA0087-169x300.jpg 169w, http:\/\/facic-ce.com.br\/site\/wp-content\/uploads\/2025\/07\/IMG-20250721-WA0087-578x1024.jpg 578w, http:\/\/facic-ce.com.br\/site\/wp-content\/uploads\/2025\/07\/IMG-20250721-WA0087.jpg 652w\" sizes=\"(max-width: 169px) 100vw, 169px\" \/><\/a>\n\t\t\t<\/dt><\/dl><dl class='gallery-item'>\n\t\t\t<dt class='gallery-icon portrait'>\n\t\t\t\t<a href='http:\/\/facic-ce.com.br\/site\/a-facic-em-parceria-com-o-sindilojas-fortaleza-e-o-sindimac-ceara-sediou-um-evento-magno\/img-20250721-wa0089\/'><img width=\"169\" height=\"300\" src=\"http:\/\/facic-ce.com.br\/site\/wp-content\/uploads\/2025\/07\/IMG-20250721-WA0089-169x300.jpg\" class=\"attachment-medium size-medium\" alt=\"\" loading=\"lazy\" srcset=\"http:\/\/facic-ce.com.br\/site\/wp-content\/uploads\/2025\/07\/IMG-20250721-WA0089-169x300.jpg 169w, http:\/\/facic-ce.com.br\/site\/wp-content\/uploads\/2025\/07\/IMG-20250721-WA0089-578x1024.jpg 578w, http:\/\/facic-ce.com.br\/site\/wp-content\/uploads\/2025\/07\/IMG-20250721-WA0089.jpg 652w\" sizes=\"(max-width: 169px) 100vw, 169px\" \/><\/a>\n\t\t\t<\/dt><\/dl><dl class='gallery-item'>\n\t\t\t<dt class='gallery-icon portrait'>\n\t\t\t\t<a href='http:\/\/facic-ce.com.br\/site\/a-facic-em-parceria-com-o-sindilojas-fortaleza-e-o-sindimac-ceara-sediou-um-evento-magno\/img-20250721-wa0099\/'><img width=\"169\" height=\"300\" src=\"http:\/\/facic-ce.com.br\/site\/wp-content\/uploads\/2025\/07\/IMG-20250721-WA0099-169x300.jpg\" class=\"attachment-medium size-medium\" alt=\"\" loading=\"lazy\" srcset=\"http:\/\/facic-ce.com.br\/site\/wp-content\/uploads\/2025\/07\/IMG-20250721-WA0099-169x300.jpg 169w, http:\/\/facic-ce.com.br\/site\/wp-content\/uploads\/2025\/07\/IMG-20250721-WA0099-578x1024.jpg 578w, http:\/\/facic-ce.com.br\/site\/wp-content\/uploads\/2025\/07\/IMG-20250721-WA0099.jpg 652w\" sizes=\"(max-width: 169px) 100vw, 169px\" \/><\/a>\n\t\t\t<\/dt><\/dl><dl class='gallery-item'>\n\t\t\t<dt class='gallery-icon portrait'>\n\t\t\t\t<a href='http:\/\/facic-ce.com.br\/site\/a-facic-em-parceria-com-o-sindilojas-fortaleza-e-o-sindimac-ceara-sediou-um-evento-magno\/whatsapp-image-2025-07-22-at-07-36-20-1\/'><img width=\"225\" height=\"300\" src=\"http:\/\/facic-ce.com.br\/site\/wp-content\/uploads\/2025\/07\/WhatsApp-Image-2025-07-22-at-07.36.20-1-225x300.jpeg\" class=\"attachment-medium size-medium\" alt=\"\" loading=\"lazy\" srcset=\"http:\/\/facic-ce.com.br\/site\/wp-content\/uploads\/2025\/07\/WhatsApp-Image-2025-07-22-at-07.36.20-1-225x300.jpeg 225w, http:\/\/facic-ce.com.br\/site\/wp-content\/uploads\/2025\/07\/WhatsApp-Image-2025-07-22-at-07.36.20-1-768x1024.jpeg 768w, http:\/\/facic-ce.com.br\/site\/wp-content\/uploads\/2025\/07\/WhatsApp-Image-2025-07-22-at-07.36.20-1.jpeg 960w\" sizes=\"(max-width: 225px) 100vw, 225px\" \/><\/a>\n\t\t\t<\/dt><\/dl><br style=\"clear: both\" \/><dl class='gallery-item'>\n\t\t\t<dt class='gallery-icon portrait'>\n\t\t\t\t<a href='http:\/\/facic-ce.com.br\/site\/a-facic-em-parceria-com-o-sindilojas-fortaleza-e-o-sindimac-ceara-sediou-um-evento-magno\/whatsapp-image-2025-07-22-at-07-36-20-2\/'><img width=\"225\" height=\"300\" src=\"http:\/\/facic-ce.com.br\/site\/wp-content\/uploads\/2025\/07\/WhatsApp-Image-2025-07-22-at-07.36.20-2-225x300.jpeg\" class=\"attachment-medium size-medium\" alt=\"\" loading=\"lazy\" srcset=\"http:\/\/facic-ce.com.br\/site\/wp-content\/uploads\/2025\/07\/WhatsApp-Image-2025-07-22-at-07.36.20-2-225x300.jpeg 225w, http:\/\/facic-ce.com.br\/site\/wp-content\/uploads\/2025\/07\/WhatsApp-Image-2025-07-22-at-07.36.20-2-768x1024.jpeg 768w, http:\/\/facic-ce.com.br\/site\/wp-content\/uploads\/2025\/07\/WhatsApp-Image-2025-07-22-at-07.36.20-2.jpeg 960w\" sizes=\"(max-width: 225px) 100vw, 225px\" \/><\/a>\n\t\t\t<\/dt><\/dl><dl class='gallery-item'>\n\t\t\t<dt class='gallery-icon portrait'>\n\t\t\t\t<a href='http:\/\/facic-ce.com.br\/site\/a-facic-em-parceria-com-o-sindilojas-fortaleza-e-o-sindimac-ceara-sediou-um-evento-magno\/whatsapp-image-2025-07-22-at-07-36-20-3\/'><img width=\"225\" height=\"300\" src=\"http:\/\/facic-ce.com.br\/site\/wp-content\/uploads\/2025\/07\/WhatsApp-Image-2025-07-22-at-07.36.20-3-225x300.jpeg\" class=\"attachment-medium size-medium\" alt=\"\" loading=\"lazy\" srcset=\"http:\/\/facic-ce.com.br\/site\/wp-content\/uploads\/2025\/07\/WhatsApp-Image-2025-07-22-at-07.36.20-3-225x300.jpeg 225w, http:\/\/facic-ce.com.br\/site\/wp-content\/uploads\/2025\/07\/WhatsApp-Image-2025-07-22-at-07.36.20-3-768x1024.jpeg 768w, http:\/\/facic-ce.com.br\/site\/wp-content\/uploads\/2025\/07\/WhatsApp-Image-2025-07-22-at-07.36.20-3.jpeg 960w\" sizes=\"(max-width: 225px) 100vw, 225px\" \/><\/a>\n\t\t\t<\/dt><\/dl><dl class='gallery-item'>\n\t\t\t<dt class='gallery-icon portrait'>\n\t\t\t\t<a href='http:\/\/facic-ce.com.br\/site\/a-facic-em-parceria-com-o-sindilojas-fortaleza-e-o-sindimac-ceara-sediou-um-evento-magno\/whatsapp-image-2025-07-22-at-07-37-22-1\/'><img width=\"225\" height=\"300\" src=\"http:\/\/facic-ce.com.br\/site\/wp-content\/uploads\/2025\/07\/WhatsApp-Image-2025-07-22-at-07.37.22-1-225x300.jpeg\" class=\"attachment-medium size-medium\" alt=\"\" loading=\"lazy\" srcset=\"http:\/\/facic-ce.com.br\/site\/wp-content\/uploads\/2025\/07\/WhatsApp-Image-2025-07-22-at-07.37.22-1-225x300.jpeg 225w, http:\/\/facic-ce.com.br\/site\/wp-content\/uploads\/2025\/07\/WhatsApp-Image-2025-07-22-at-07.37.22-1-768x1024.jpeg 768w, http:\/\/facic-ce.com.br\/site\/wp-content\/uploads\/2025\/07\/WhatsApp-Image-2025-07-22-at-07.37.22-1.jpeg 960w\" sizes=\"(max-width: 225px) 100vw, 225px\" \/><\/a>\n\t\t\t<\/dt><\/dl><dl class='gallery-item'>\n\t\t\t<dt class='gallery-icon portrait'>\n\t\t\t\t<a href='http:\/\/facic-ce.com.br\/site\/a-facic-em-parceria-com-o-sindilojas-fortaleza-e-o-sindimac-ceara-sediou-um-evento-magno\/whatsapp-image-2025-07-22-at-07-38-06\/'><img width=\"225\" height=\"300\" src=\"http:\/\/facic-ce.com.br\/site\/wp-content\/uploads\/2025\/07\/WhatsApp-Image-2025-07-22-at-07.38.06-225x300.jpeg\" class=\"attachment-medium size-medium\" alt=\"\" loading=\"lazy\" srcset=\"http:\/\/facic-ce.com.br\/site\/wp-content\/uploads\/2025\/07\/WhatsApp-Image-2025-07-22-at-07.38.06-225x300.jpeg 225w, http:\/\/facic-ce.com.br\/site\/wp-content\/uploads\/2025\/07\/WhatsApp-Image-2025-07-22-at-07.38.06-768x1024.jpeg 768w, http:\/\/facic-ce.com.br\/site\/wp-content\/uploads\/2025\/07\/WhatsApp-Image-2025-07-22-at-07.38.06.jpeg 960w\" sizes=\"(max-width: 225px) 100vw, 225px\" \/><\/a>\n\t\t\t<\/dt><\/dl><br style=\"clear: both\" \/><dl class='gallery-item'>\n\t\t\t<dt class='gallery-icon portrait'>\n\t\t\t\t<a href='http:\/\/facic-ce.com.br\/site\/a-facic-em-parceria-com-o-sindilojas-fortaleza-e-o-sindimac-ceara-sediou-um-evento-magno\/whatsapp-image-2025-07-22-at-07-38-07-1\/'><img width=\"225\" height=\"300\" src=\"http:\/\/facic-ce.com.br\/site\/wp-content\/uploads\/2025\/07\/WhatsApp-Image-2025-07-22-at-07.38.07-1-225x300.jpeg\" class=\"attachment-medium size-medium\" alt=\"\" loading=\"lazy\" srcset=\"http:\/\/facic-ce.com.br\/site\/wp-content\/uploads\/2025\/07\/WhatsApp-Image-2025-07-22-at-07.38.07-1-225x300.jpeg 225w, http:\/\/facic-ce.com.br\/site\/wp-content\/uploads\/2025\/07\/WhatsApp-Image-2025-07-22-at-07.38.07-1-768x1024.jpeg 768w, http:\/\/facic-ce.com.br\/site\/wp-content\/uploads\/2025\/07\/WhatsApp-Image-2025-07-22-at-07.38.07-1.jpeg 960w\" sizes=\"(max-width: 225px) 100vw, 225px\" \/><\/a>\n\t\t\t<\/dt><\/dl><dl class='gallery-item'>\n\t\t\t<dt class='gallery-icon landscape'>\n\t\t\t\t<a href='http:\/\/facic-ce.com.br\/site\/a-facic-em-parceria-com-o-sindilojas-fortaleza-e-o-sindimac-ceara-sediou-um-evento-magno\/img_20250721_140216_hdr\/'><img width=\"300\" height=\"225\" src=\"http:\/\/facic-ce.com.br\/site\/wp-content\/uploads\/2025\/07\/IMG_20250721_140216_HDR-300x225.jpg\" class=\"attachment-medium size-medium\" alt=\"\" loading=\"lazy\" srcset=\"http:\/\/facic-ce.com.br\/site\/wp-content\/uploads\/2025\/07\/IMG_20250721_140216_HDR-300x225.jpg 300w, http:\/\/facic-ce.com.br\/site\/wp-content\/uploads\/2025\/07\/IMG_20250721_140216_HDR-1024x768.jpg 1024w, http:\/\/facic-ce.com.br\/site\/wp-content\/uploads\/2025\/07\/IMG_20250721_140216_HDR-768x576.jpg 768w, http:\/\/facic-ce.com.br\/site\/wp-content\/uploads\/2025\/07\/IMG_20250721_140216_HDR-1536x1152.jpg 1536w, http:\/\/facic-ce.com.br\/site\/wp-content\/uploads\/2025\/07\/IMG_20250721_140216_HDR-2048x1536.jpg 2048w\" sizes=\"(max-width: 300px) 100vw, 300px\" \/><\/a>\n\t\t\t<\/dt><\/dl><dl class='gallery-item'>\n\t\t\t<dt class='gallery-icon landscape'>\n\t\t\t\t<a href='http:\/\/facic-ce.com.br\/site\/a-facic-em-parceria-com-o-sindilojas-fortaleza-e-o-sindimac-ceara-sediou-um-evento-magno\/img_20250721_135942_hdr\/'><img width=\"300\" height=\"225\" src=\"http:\/\/facic-ce.com.br\/site\/wp-content\/uploads\/2025\/07\/IMG_20250721_135942_HDR-300x225.jpg\" class=\"attachment-medium size-medium\" alt=\"\" loading=\"lazy\" srcset=\"http:\/\/facic-ce.com.br\/site\/wp-content\/uploads\/2025\/07\/IMG_20250721_135942_HDR-300x225.jpg 300w, http:\/\/facic-ce.com.br\/site\/wp-content\/uploads\/2025\/07\/IMG_20250721_135942_HDR-1024x768.jpg 1024w, http:\/\/facic-ce.com.br\/site\/wp-content\/uploads\/2025\/07\/IMG_20250721_135942_HDR-768x576.jpg 768w, http:\/\/facic-ce.com.br\/site\/wp-content\/uploads\/2025\/07\/IMG_20250721_135942_HDR-1536x1152.jpg 1536w, http:\/\/facic-ce.com.br\/site\/wp-content\/uploads\/2025\/07\/IMG_20250721_135942_HDR-2048x1536.jpg 2048w\" sizes=\"(max-width: 300px) 100vw, 300px\" \/><\/a>\n\t\t\t<\/dt><\/dl><dl class='gallery-item'>\n\t\t\t<dt class='gallery-icon portrait'>\n\t\t\t\t<a href='http:\/\/facic-ce.com.br\/site\/a-facic-em-parceria-com-o-sindilojas-fortaleza-e-o-sindimac-ceara-sediou-um-evento-magno\/whatsapp-image-2025-07-22-at-07-38-07\/'><img width=\"225\" height=\"300\" src=\"http:\/\/facic-ce.com.br\/site\/wp-content\/uploads\/2025\/07\/WhatsApp-Image-2025-07-22-at-07.38.07-225x300.jpeg\" class=\"attachment-medium size-medium\" alt=\"\" loading=\"lazy\" srcset=\"http:\/\/facic-ce.com.br\/site\/wp-content\/uploads\/2025\/07\/WhatsApp-Image-2025-07-22-at-07.38.07-225x300.jpeg 225w, http:\/\/facic-ce.com.br\/site\/wp-content\/uploads\/2025\/07\/WhatsApp-Image-2025-07-22-at-07.38.07-768x1024.jpeg 768w, http:\/\/facic-ce.com.br\/site\/wp-content\/uploads\/2025\/07\/WhatsApp-Image-2025-07-22-at-07.38.07.jpeg 960w\" sizes=\"(max-width: 225px) 100vw, 225px\" \/><\/a>\n\t\t\t<\/dt><\/dl><br style=\"clear: both\" \/><dl class='gallery-item'>\n\t\t\t<dt class='gallery-icon landscape'>\n\t\t\t\t<a href='http:\/\/facic-ce.com.br\/site\/a-facic-em-parceria-com-o-sindilojas-fortaleza-e-o-sindimac-ceara-sediou-um-evento-magno\/img_20250721_135927_hdr\/'><img width=\"300\" height=\"225\" src=\"http:\/\/facic-ce.com.br\/site\/wp-content\/uploads\/2025\/07\/IMG_20250721_135927_HDR-300x225.jpg\" class=\"attachment-medium size-medium\" alt=\"\" loading=\"lazy\" srcset=\"http:\/\/facic-ce.com.br\/site\/wp-content\/uploads\/2025\/07\/IMG_20250721_135927_HDR-300x225.jpg 300w, http:\/\/facic-ce.com.br\/site\/wp-content\/uploads\/2025\/07\/IMG_20250721_135927_HDR-1024x768.jpg 1024w, http:\/\/facic-ce.com.br\/site\/wp-content\/uploads\/2025\/07\/IMG_20250721_135927_HDR-768x576.jpg 768w, http:\/\/facic-ce.com.br\/site\/wp-content\/uploads\/2025\/07\/IMG_20250721_135927_HDR-1536x1152.jpg 1536w, http:\/\/facic-ce.com.br\/site\/wp-content\/uploads\/2025\/07\/IMG_20250721_135927_HDR-2048x1536.jpg 2048w\" sizes=\"(max-width: 300px) 100vw, 300px\" \/><\/a>\n\t\t\t<\/dt><\/dl><dl class='gallery-item'>\n\t\t\t<dt class='gallery-icon landscape'>\n\t\t\t\t<a href='http:\/\/facic-ce.com.br\/site\/a-facic-em-parceria-com-o-sindilojas-fortaleza-e-o-sindimac-ceara-sediou-um-evento-magno\/img-20250721-wa0072\/'><img width=\"300\" height=\"169\" src=\"http:\/\/facic-ce.com.br\/site\/wp-content\/uploads\/2025\/07\/IMG-20250721-WA0072-300x169.jpg\" class=\"attachment-medium size-medium\" alt=\"\" loading=\"lazy\" srcset=\"http:\/\/facic-ce.com.br\/site\/wp-content\/uploads\/2025\/07\/IMG-20250721-WA0072-300x169.jpg 300w, http:\/\/facic-ce.com.br\/site\/wp-content\/uploads\/2025\/07\/IMG-20250721-WA0072-1024x578.jpg 1024w, http:\/\/facic-ce.com.br\/site\/wp-content\/uploads\/2025\/07\/IMG-20250721-WA0072-768x433.jpg 768w, http:\/\/facic-ce.com.br\/site\/wp-content\/uploads\/2025\/07\/IMG-20250721-WA0072.jpg 1156w\" sizes=\"(max-width: 300px) 100vw, 300px\" \/><\/a>\n\t\t\t<\/dt><\/dl><dl class='gallery-item'>\n\t\t\t<dt class='gallery-icon landscape'>\n\t\t\t\t<a href='http:\/\/facic-ce.com.br\/site\/a-facic-em-parceria-com-o-sindilojas-fortaleza-e-o-sindimac-ceara-sediou-um-evento-magno\/img_20250721_140243_hdr\/'><img width=\"300\" height=\"225\" src=\"http:\/\/facic-ce.com.br\/site\/wp-content\/uploads\/2025\/07\/IMG_20250721_140243_HDR-300x225.jpg\" class=\"attachment-medium size-medium\" alt=\"\" loading=\"lazy\" srcset=\"http:\/\/facic-ce.com.br\/site\/wp-content\/uploads\/2025\/07\/IMG_20250721_140243_HDR-300x225.jpg 300w, http:\/\/facic-ce.com.br\/site\/wp-content\/uploads\/2025\/07\/IMG_20250721_140243_HDR-1024x768.jpg 1024w, http:\/\/facic-ce.com.br\/site\/wp-content\/uploads\/2025\/07\/IMG_20250721_140243_HDR-768x576.jpg 768w, http:\/\/facic-ce.com.br\/site\/wp-content\/uploads\/2025\/07\/IMG_20250721_140243_HDR-1536x1152.jpg 1536w, http:\/\/facic-ce.com.br\/site\/wp-content\/uploads\/2025\/07\/IMG_20250721_140243_HDR-2048x1536.jpg 2048w\" sizes=\"(max-width: 300px) 100vw, 300px\" \/><\/a>\n\t\t\t<\/dt><\/dl><dl class='gallery-item'>\n\t\t\t<dt class='gallery-icon landscape'>\n\t\t\t\t<a href='http:\/\/facic-ce.com.br\/site\/a-facic-em-parceria-com-o-sindilojas-fortaleza-e-o-sindimac-ceara-sediou-um-evento-magno\/img_20250721_140327_hdr\/'><img width=\"300\" height=\"225\" src=\"http:\/\/facic-ce.com.br\/site\/wp-content\/uploads\/2025\/07\/IMG_20250721_140327_HDR-300x225.jpg\" class=\"attachment-medium size-medium\" alt=\"\" loading=\"lazy\" srcset=\"http:\/\/facic-ce.com.br\/site\/wp-content\/uploads\/2025\/07\/IMG_20250721_140327_HDR-300x225.jpg 300w, http:\/\/facic-ce.com.br\/site\/wp-content\/uploads\/2025\/07\/IMG_20250721_140327_HDR-1024x768.jpg 1024w, http:\/\/facic-ce.com.br\/site\/wp-content\/uploads\/2025\/07\/IMG_20250721_140327_HDR-768x576.jpg 768w, http:\/\/facic-ce.com.br\/site\/wp-content\/uploads\/2025\/07\/IMG_20250721_140327_HDR-1536x1152.jpg 1536w, http:\/\/facic-ce.com.br\/site\/wp-content\/uploads\/2025\/07\/IMG_20250721_140327_HDR-2048x1536.jpg 2048w\" sizes=\"(max-width: 300px) 100vw, 300px\" \/><\/a>\n\t\t\t<\/dt><\/dl><br style=\"clear: both\" \/><dl class='gallery-item'>\n\t\t\t<dt class='gallery-icon landscape'>\n\t\t\t\t<a href='http:\/\/facic-ce.com.br\/site\/a-facic-em-parceria-com-o-sindilojas-fortaleza-e-o-sindimac-ceara-sediou-um-evento-magno\/img_20250721_135914_hdr\/'><img width=\"300\" height=\"225\" src=\"http:\/\/facic-ce.com.br\/site\/wp-content\/uploads\/2025\/07\/IMG_20250721_135914_HDR-300x225.jpg\" class=\"attachment-medium size-medium\" alt=\"\" loading=\"lazy\" srcset=\"http:\/\/facic-ce.com.br\/site\/wp-content\/uploads\/2025\/07\/IMG_20250721_135914_HDR-300x225.jpg 300w, http:\/\/facic-ce.com.br\/site\/wp-content\/uploads\/2025\/07\/IMG_20250721_135914_HDR-1024x768.jpg 1024w, http:\/\/facic-ce.com.br\/site\/wp-content\/uploads\/2025\/07\/IMG_20250721_135914_HDR-768x576.jpg 768w, http:\/\/facic-ce.com.br\/site\/wp-content\/uploads\/2025\/07\/IMG_20250721_135914_HDR-1536x1152.jpg 1536w, http:\/\/facic-ce.com.br\/site\/wp-content\/uploads\/2025\/07\/IMG_20250721_135914_HDR-2048x1536.jpg 2048w\" sizes=\"(max-width: 300px) 100vw, 300px\" \/><\/a>\n\t\t\t<\/dt><\/dl>\n\t\t\t<br style='clear: both' \/>\n\t\t<\/div>\n\n<p>Na \u00faltima segunda-feira, 21 de julho, a FACIC, em parceria com o Sindilojas Fortaleza e o Sindimac Cear\u00e1, sediou um evento magno voltado \u00e0 abordagem t\u00e9cnica sobre a fiscaliza\u00e7\u00e3o de produtos comercializados.<\/p>\n<p>O presidente da FACIC, Cid Alves, realizou a abertura oficial, dando as boas-vindas aos participantes. Em seguida, foi conduzida uma apresenta\u00e7\u00e3o t\u00e9cnica com o presidente e o t\u00e9cnico do IPEM, que explanaram sobre os procedimentos de verifica\u00e7\u00e3o de tamanhos, pesos, medidas e conte\u00fados, conforme as normas do Inmetro.<\/p>\n<p>O momento destacou a import\u00e2ncia da conformidade nas informa\u00e7\u00f5es dos produtos para garantir transpar\u00eancia nas rela\u00e7\u00f5es de consumo, seguran\u00e7a ao consumidor e credibilidade ao com\u00e9rcio e \u00e0 ind\u00fastria.<\/p>\n<p>Estiveram presentes empres\u00e1rios, associados, representantes de entidades parceiras e profissionais da \u00e1rea, tornando o evento um marco de atualiza\u00e7\u00e3o e troca de conhecimentos.<\/p>\n<p>A FACIC agradece a todos que contribu\u00edram para o sucesso do encontro e refor\u00e7a seu compromisso com a qualifica\u00e7\u00e3o e o fortalecimento do setor produtivo.<\/p>\n","protected":false},"excerpt":{"rendered":"<p>Na \u00faltima segunda-feira, 21 de julho, a FACIC, em parceria com o Sindilojas Fortaleza e o Sindimac Cear\u00e1, sediou um evento magno voltado \u00e0 abordagem t\u00e9cnica sobre a fiscaliza\u00e7\u00e3o de&#8230;<\/p>\n","protected":false},"author":2,"featured_media":9091,"comment_status":"open","ping_status":"open","sticky":false,"template":"","format":"standard","meta":[],"categories":[17,7],"tags":[],"_links":{"self":[{"href":"http:\/\/facic-ce.com.br\/site\/wp-json\/wp\/v2\/posts\/9078"}],"collection":[{"href":"http:\/\/facic-ce.com.br\/site\/wp-json\/wp\/v2\/posts"}],"about":[{"href":"http:\/\/facic-ce.com.br\/site\/wp-json\/wp\/v2\/types\/post"}],"author":[{"embeddable":true,"href":"http:\/\/facic-ce.com.br\/site\/wp-json\/wp\/v2\/users\/2"}],"replies":[{"embeddable":true,"href":"http:\/\/facic-ce.com.br\/site\/wp-json\/wp\/v2\/comments?post=9078"}],"version-history":[{"count":1,"href":"http:\/\/facic-ce.com.br\/site\/wp-json\/wp\/v2\/posts\/9078\/revisions"}],"predecessor-version":[{"id":9113,"href":"http:\/\/facic-ce.com.br\/site\/wp-json\/wp\/v2\/posts\/9078\/revisions\/9113"}],"wp:featuredmedia":[{"embeddable":true,"href":"http:\/\/facic-ce.com.br\/site\/wp-json\/wp\/v2\/media\/9091"}],"wp:attachment":[{"href":"http:\/\/facic-ce.com.br\/site\/wp-json\/wp\/v2\/media?parent=9078"}],"wp:term":[{"taxonomy":"category","embeddable":true,"href":"http:\/\/facic-ce.com.br\/site\/wp-json\/wp\/v2\/categories?post=9078"},{"taxonomy":"post_tag","embeddable":true,"href":"http:\/\/facic-ce.com.br\/site\/wp-json\/wp\/v2\/tags?post=9078"}],"curies":[{"name":"wp","href":"https:\/\/api.w.org\/{rel}","templated":true}]}}