{"id":9115,"date":"2025-07-25T13:45:18","date_gmt":"2025-07-25T16:45:18","guid":{"rendered":"https:\/\/facic-ce.com.br\/site\/?p=9115"},"modified":"2025-07-31T13:55:38","modified_gmt":"2025-07-31T16:55:38","slug":"9115-2","status":"publish","type":"post","link":"http:\/\/facic-ce.com.br\/site\/9115-2\/","title":{"rendered":"O espa\u00e7o ideal para o seu evento!"},"content":{"rendered":"<p><img loading=\"lazy\" class=\"alignnone size-full wp-image-9116\" src=\"http:\/\/facic-ce.com.br\/site\/wp-content\/uploads\/2025\/07\/1-2.png\" alt=\"\" width=\"1080\" height=\"1080\" srcset=\"http:\/\/facic-ce.com.br\/site\/wp-content\/uploads\/2025\/07\/1-2.png 1080w, http:\/\/facic-ce.com.br\/site\/wp-content\/uploads\/2025\/07\/1-2-300x300.png 300w, http:\/\/facic-ce.com.br\/site\/wp-content\/uploads\/2025\/07\/1-2-1024x1024.png 1024w, http:\/\/facic-ce.com.br\/site\/wp-content\/uploads\/2025\/07\/1-2-768x768.png 768w, http:\/\/facic-ce.com.br\/site\/wp-content\/uploads\/2025\/07\/1-2-100x100.png 100w, http:\/\/facic-ce.com.br\/site\/wp-content\/uploads\/2025\/07\/1-2-140x140.png 140w, http:\/\/facic-ce.com.br\/site\/wp-content\/uploads\/2025\/07\/1-2-500x500.png 500w, http:\/\/facic-ce.com.br\/site\/wp-content\/uploads\/2025\/07\/1-2-350x350.png 350w, http:\/\/facic-ce.com.br\/site\/wp-content\/uploads\/2025\/07\/1-2-1000x1000.png 1000w, http:\/\/facic-ce.com.br\/site\/wp-content\/uploads\/2025\/07\/1-2-800x800.png 800w\" sizes=\"(max-width: 1080px) 100vw, 1080px\" \/><img loading=\"lazy\" class=\"alignnone size-full wp-image-9117\" src=\"http:\/\/facic-ce.com.br\/site\/wp-content\/uploads\/2025\/07\/2-3.png\" alt=\"\" width=\"1080\" height=\"1080\" srcset=\"http:\/\/facic-ce.com.br\/site\/wp-content\/uploads\/2025\/07\/2-3.png 1080w, http:\/\/facic-ce.com.br\/site\/wp-content\/uploads\/2025\/07\/2-3-300x300.png 300w, http:\/\/facic-ce.com.br\/site\/wp-content\/uploads\/2025\/07\/2-3-1024x1024.png 1024w, http:\/\/facic-ce.com.br\/site\/wp-content\/uploads\/2025\/07\/2-3-768x768.png 768w, http:\/\/facic-ce.com.br\/site\/wp-content\/uploads\/2025\/07\/2-3-100x100.png 100w, http:\/\/facic-ce.com.br\/site\/wp-content\/uploads\/2025\/07\/2-3-140x140.png 140w, http:\/\/facic-ce.com.br\/site\/wp-content\/uploads\/2025\/07\/2-3-500x500.png 500w, http:\/\/facic-ce.com.br\/site\/wp-content\/uploads\/2025\/07\/2-3-350x350.png 350w, http:\/\/facic-ce.com.br\/site\/wp-content\/uploads\/2025\/07\/2-3-1000x1000.png 1000w, http:\/\/facic-ce.com.br\/site\/wp-content\/uploads\/2025\/07\/2-3-800x800.png 800w\" sizes=\"(max-width: 1080px) 100vw, 1080px\" \/><\/p>\n<p>O espa\u00e7o ideal para o seu evento!<\/p>\n<p>Sal\u00e3o amplo, com ventila\u00e7\u00e3o natural, vista para o mar e localiza\u00e7\u00e3o privilegiada no cora\u00e7\u00e3o do centro hist\u00f3rico de Fortaleza.<br \/>\nEstamos no tradicional Pal\u00e1cio do Com\u00e9rcio, s\u00edmbolo da nossa hist\u00f3ria e cultura.<\/p>\n<p>\ud83d\udc49 Agende uma visita e venha nos conhecer!<br \/>\n(85) 3231-4269 \/ 9.9211-5421<\/p>\n<p>\ud83d\udccd FACIC \u2013 Federa\u00e7\u00e3o das Associa\u00e7\u00f5es do Com\u00e9rcio, Ind\u00fastria, Servi\u00e7os e Agropecu\u00e1ria do Cear\u00e1<\/p>\n","protected":false},"excerpt":{"rendered":"<p>O espa\u00e7o ideal para o seu evento! Sal\u00e3o amplo, com ventila\u00e7\u00e3o natural, vista para o mar e localiza\u00e7\u00e3o privilegiada no cora\u00e7\u00e3o do centro hist\u00f3rico de Fortaleza. Estamos no tradicional Pal\u00e1cio&#8230;<\/p>\n","protected":false},"author":2,"featured_media":9116,"comment_status":"open","ping_status":"open","sticky":false,"template":"","format":"standard","meta":[],"categories":[17,3],"tags":[46],"_links":{"self":[{"href":"http:\/\/facic-ce.com.br\/site\/wp-json\/wp\/v2\/posts\/9115"}],"collection":[{"href":"http:\/\/facic-ce.com.br\/site\/wp-json\/wp\/v2\/posts"}],"about":[{"href":"http:\/\/facic-ce.com.br\/site\/wp-json\/wp\/v2\/types\/post"}],"author":[{"embeddable":true,"href":"http:\/\/facic-ce.com.br\/site\/wp-json\/wp\/v2\/users\/2"}],"replies":[{"embeddable":true,"href":"http:\/\/facic-ce.com.br\/site\/wp-json\/wp\/v2\/comments?post=9115"}],"version-history":[{"count":2,"href":"http:\/\/facic-ce.com.br\/site\/wp-json\/wp\/v2\/posts\/9115\/revisions"}],"predecessor-version":[{"id":9119,"href":"http:\/\/facic-ce.com.br\/site\/wp-json\/wp\/v2\/posts\/9115\/revisions\/9119"}],"wp:featuredmedia":[{"embeddable":true,"href":"http:\/\/facic-ce.com.br\/site\/wp-json\/wp\/v2\/media\/9116"}],"wp:attachment":[{"href":"http:\/\/facic-ce.com.br\/site\/wp-json\/wp\/v2\/media?parent=9115"}],"wp:term":[{"taxonomy":"category","embeddable":true,"href":"http:\/\/facic-ce.com.br\/site\/wp-json\/wp\/v2\/categories?post=9115"},{"taxonomy":"post_tag","embeddable":true,"href":"http:\/\/facic-ce.com.br\/site\/wp-json\/wp\/v2\/tags?post=9115"}],"curies":[{"name":"wp","href":"https:\/\/api.w.org\/{rel}","templated":true}]}}