{"id":9120,"date":"2025-07-25T13:50:44","date_gmt":"2025-07-25T16:50:44","guid":{"rendered":"https:\/\/facic-ce.com.br\/site\/?p=9120"},"modified":"2025-07-31T13:54:47","modified_gmt":"2025-07-31T16:54:47","slug":"evento-transformar-juntos-2025-em-brasilia","status":"publish","type":"post","link":"http:\/\/facic-ce.com.br\/site\/evento-transformar-juntos-2025-em-brasilia\/","title":{"rendered":"Evento &#8220;Transformar Juntos 2025&#8221; em Bras\u00edlia"},"content":{"rendered":"<p><strong> <img loading=\"lazy\" class=\"alignnone size-full wp-image-9122\" src=\"http:\/\/facic-ce.com.br\/site\/wp-content\/uploads\/2025\/07\/1-3.png\" alt=\"\" width=\"1080\" height=\"1080\" srcset=\"http:\/\/facic-ce.com.br\/site\/wp-content\/uploads\/2025\/07\/1-3.png 1080w, http:\/\/facic-ce.com.br\/site\/wp-content\/uploads\/2025\/07\/1-3-300x300.png 300w, http:\/\/facic-ce.com.br\/site\/wp-content\/uploads\/2025\/07\/1-3-1024x1024.png 1024w, http:\/\/facic-ce.com.br\/site\/wp-content\/uploads\/2025\/07\/1-3-768x768.png 768w, http:\/\/facic-ce.com.br\/site\/wp-content\/uploads\/2025\/07\/1-3-100x100.png 100w, http:\/\/facic-ce.com.br\/site\/wp-content\/uploads\/2025\/07\/1-3-140x140.png 140w, http:\/\/facic-ce.com.br\/site\/wp-content\/uploads\/2025\/07\/1-3-500x500.png 500w, http:\/\/facic-ce.com.br\/site\/wp-content\/uploads\/2025\/07\/1-3-350x350.png 350w, http:\/\/facic-ce.com.br\/site\/wp-content\/uploads\/2025\/07\/1-3-1000x1000.png 1000w, http:\/\/facic-ce.com.br\/site\/wp-content\/uploads\/2025\/07\/1-3-800x800.png 800w\" sizes=\"(max-width: 1080px) 100vw, 1080px\" \/><img loading=\"lazy\" class=\"alignnone size-full wp-image-9123\" src=\"http:\/\/facic-ce.com.br\/site\/wp-content\/uploads\/2025\/07\/3-3.png\" alt=\"\" width=\"1080\" height=\"1080\" srcset=\"http:\/\/facic-ce.com.br\/site\/wp-content\/uploads\/2025\/07\/3-3.png 1080w, http:\/\/facic-ce.com.br\/site\/wp-content\/uploads\/2025\/07\/3-3-300x300.png 300w, http:\/\/facic-ce.com.br\/site\/wp-content\/uploads\/2025\/07\/3-3-1024x1024.png 1024w, http:\/\/facic-ce.com.br\/site\/wp-content\/uploads\/2025\/07\/3-3-768x768.png 768w, http:\/\/facic-ce.com.br\/site\/wp-content\/uploads\/2025\/07\/3-3-100x100.png 100w, http:\/\/facic-ce.com.br\/site\/wp-content\/uploads\/2025\/07\/3-3-140x140.png 140w, http:\/\/facic-ce.com.br\/site\/wp-content\/uploads\/2025\/07\/3-3-500x500.png 500w, http:\/\/facic-ce.com.br\/site\/wp-content\/uploads\/2025\/07\/3-3-350x350.png 350w, http:\/\/facic-ce.com.br\/site\/wp-content\/uploads\/2025\/07\/3-3-1000x1000.png 1000w, http:\/\/facic-ce.com.br\/site\/wp-content\/uploads\/2025\/07\/3-3-800x800.png 800w\" sizes=\"(max-width: 1080px) 100vw, 1080px\" \/><img loading=\"lazy\" class=\"alignnone size-full wp-image-9124\" src=\"http:\/\/facic-ce.com.br\/site\/wp-content\/uploads\/2025\/07\/sebrae-Brasilia.png\" alt=\"\" width=\"1080\" height=\"1080\" srcset=\"http:\/\/facic-ce.com.br\/site\/wp-content\/uploads\/2025\/07\/sebrae-Brasilia.png 1080w, http:\/\/facic-ce.com.br\/site\/wp-content\/uploads\/2025\/07\/sebrae-Brasilia-300x300.png 300w, http:\/\/facic-ce.com.br\/site\/wp-content\/uploads\/2025\/07\/sebrae-Brasilia-1024x1024.png 1024w, http:\/\/facic-ce.com.br\/site\/wp-content\/uploads\/2025\/07\/sebrae-Brasilia-768x768.png 768w, http:\/\/facic-ce.com.br\/site\/wp-content\/uploads\/2025\/07\/sebrae-Brasilia-100x100.png 100w, http:\/\/facic-ce.com.br\/site\/wp-content\/uploads\/2025\/07\/sebrae-Brasilia-140x140.png 140w, http:\/\/facic-ce.com.br\/site\/wp-content\/uploads\/2025\/07\/sebrae-Brasilia-500x500.png 500w, http:\/\/facic-ce.com.br\/site\/wp-content\/uploads\/2025\/07\/sebrae-Brasilia-350x350.png 350w, http:\/\/facic-ce.com.br\/site\/wp-content\/uploads\/2025\/07\/sebrae-Brasilia-1000x1000.png 1000w, http:\/\/facic-ce.com.br\/site\/wp-content\/uploads\/2025\/07\/sebrae-Brasilia-800x800.png 800w\" sizes=\"(max-width: 1080px) 100vw, 1080px\" \/>Transformar Juntos 2025 | Bras\u00edlia<\/strong><\/p>\n<p>De 23 a 25 de julho, o Sebrae Nacional promoveu em Bras\u00edlia o evento Transformar Juntos 2025, o maior encontro nacional voltado para a gest\u00e3o p\u00fablica empreendedora e o fortalecimento dos pequenos neg\u00f3cios.<\/p>\n<p>O evento reuniu lideran\u00e7as de todo o pa\u00eds, agentes de desenvolvimento, gestores p\u00fablicos, empreendedores e especialistas em inova\u00e7\u00e3o, tecnologia e pol\u00edticas p\u00fablicas.<\/p>\n<p>\ud83d\udd39 O presidente do Conselho Deliberativo do Sebrae\/CE, Cid Alves, esteve presente no encontro, ao lado de Jo\u00e3o Guimar\u00e3es, presidente da Associa\u00e7\u00e3o Comercial do Cear\u00e1 e vice-presidente do Conselho.<\/p>\n<p>Durante os tr\u00eas dias de programa\u00e7\u00e3o, o evento contou com:<br \/>\n\u2705 Lan\u00e7amento da 13\u00aa edi\u00e7\u00e3o do Pr\u00eamio Sebrae Prefeito Empreendedor (PSPE)<br \/>\n\u2705 Encontro Nacional de Agentes de Desenvolvimento<br \/>\n\u2705 Oficinas, cursos e apresenta\u00e7\u00f5es de projetos e boas pr\u00e1ticas<\/p>\n<p>Entre os principais temas abordados nos pain\u00e9is e talks estiveram:<br \/>\n\ud83c\udf31 Economias portadoras de futuro<br \/>\n\u2699\ufe0f REDESIM e desburocratiza\u00e7\u00e3o<br \/>\n\ud83c\udf0d Meio ambiente e sustentabilidade<br \/>\n\ud83e\udd1d Atua\u00e7\u00e3o em rede e parcerias para o MEI<br \/>\n\ud83e\udd16 Intelig\u00eancia artificial aplicada \u00e0 gest\u00e3o p\u00fablica<\/p>\n<p>\ud83d\udce2 O Cear\u00e1 esteve presente nas discuss\u00f5es que constroem um Brasil mais inovador, sustent\u00e1vel e empreendedor.<\/p>\n","protected":false},"excerpt":{"rendered":"<p>Transformar Juntos 2025 | Bras\u00edlia De 23 a 25 de julho, o Sebrae Nacional promoveu em Bras\u00edlia o evento Transformar Juntos 2025, o maior encontro nacional voltado para a gest\u00e3o&#8230;<\/p>\n","protected":false},"author":2,"featured_media":9126,"comment_status":"open","ping_status":"open","sticky":false,"template":"","format":"standard","meta":[],"categories":[17,7],"tags":[47],"_links":{"self":[{"href":"http:\/\/facic-ce.com.br\/site\/wp-json\/wp\/v2\/posts\/9120"}],"collection":[{"href":"http:\/\/facic-ce.com.br\/site\/wp-json\/wp\/v2\/posts"}],"about":[{"href":"http:\/\/facic-ce.com.br\/site\/wp-json\/wp\/v2\/types\/post"}],"author":[{"embeddable":true,"href":"http:\/\/facic-ce.com.br\/site\/wp-json\/wp\/v2\/users\/2"}],"replies":[{"embeddable":true,"href":"http:\/\/facic-ce.com.br\/site\/wp-json\/wp\/v2\/comments?post=9120"}],"version-history":[{"count":3,"href":"http:\/\/facic-ce.com.br\/site\/wp-json\/wp\/v2\/posts\/9120\/revisions"}],"predecessor-version":[{"id":9127,"href":"http:\/\/facic-ce.com.br\/site\/wp-json\/wp\/v2\/posts\/9120\/revisions\/9127"}],"wp:featuredmedia":[{"embeddable":true,"href":"http:\/\/facic-ce.com.br\/site\/wp-json\/wp\/v2\/media\/9126"}],"wp:attachment":[{"href":"http:\/\/facic-ce.com.br\/site\/wp-json\/wp\/v2\/media?parent=9120"}],"wp:term":[{"taxonomy":"category","embeddable":true,"href":"http:\/\/facic-ce.com.br\/site\/wp-json\/wp\/v2\/categories?post=9120"},{"taxonomy":"post_tag","embeddable":true,"href":"http:\/\/facic-ce.com.br\/site\/wp-json\/wp\/v2\/tags?post=9120"}],"curies":[{"name":"wp","href":"https:\/\/api.w.org\/{rel}","templated":true}]}}