{"id":9310,"date":"2025-09-19T17:12:39","date_gmt":"2025-09-19T20:12:39","guid":{"rendered":"http:\/\/facic-ce.com.br\/site\/?p=9310"},"modified":"2025-09-20T08:19:32","modified_gmt":"2025-09-20T11:19:32","slug":"seminario-o-papel-do-parlamento-e-a-importancia-do-congresso-para-o-desenvolvimento-do-pais","status":"publish","type":"post","link":"http:\/\/facic-ce.com.br\/site\/seminario-o-papel-do-parlamento-e-a-importancia-do-congresso-para-o-desenvolvimento-do-pais\/","title":{"rendered":"Semin\u00e1rio \u201cO Papel do Parlamento e a Import\u00e2ncia do Congresso para o Desenvolvimento do Pa\u00eds\u201d"},"content":{"rendered":"<p>\u2728 Hoje, 19 de setembro de 2025, \u00e0s 9h, no Senac, aconteceu o Semin\u00e1rio \u201cO Papel do Parlamento e a Import\u00e2ncia do Congresso para o Desenvolvimento do Pa\u00eds\u201d, organizado pela Frente Parlamentar do Empreendedorismo, com abertura realizada pelo deputado federal Luiz Gast\u00e3o.<\/p>\n<p>\ud83d\udccc O presidente da FACIC, Cid Alves, participou ativamente:<br \/>\n\u27a1\ufe0f Painel 1 \u2013 Debatedor no tema Seguran\u00e7a P\u00fablica: Desafios e Solu\u00e7\u00f5es para o Fortalecimento Institucional e Melhoria do Ambiente de Neg\u00f3cios.<br \/>\n\u27a1\ufe0f Painel 2 \u2013 Debate sobre Moderniza\u00e7\u00e3o Fiscal e Desenvolvimento Econ\u00f4mico: Como a Reforma Tribut\u00e1ria Pode Impulsionar os Pequenos Neg\u00f3cios.<\/p>\n<p>\ud83e\udd1d Um momento de di\u00e1logo, troca de ideias e constru\u00e7\u00e3o de solu\u00e7\u00f5es para o futuro do Brasil!<\/p>\n\n\t\t<style type=\"text\/css\">\n\t\t\t#gallery-1 {\n\t\t\t\tmargin: auto;\n\t\t\t}\n\t\t\t#gallery-1 .gallery-item {\n\t\t\t\tfloat: left;\n\t\t\t\tmargin-top: 10px;\n\t\t\t\ttext-align: center;\n\t\t\t\twidth: 100%;\n\t\t\t}\n\t\t\t#gallery-1 img {\n\t\t\t\tborder: 2px solid #cfcfcf;\n\t\t\t}\n\t\t\t#gallery-1 .gallery-caption {\n\t\t\t\tmargin-left: 0;\n\t\t\t}\n\t\t\t\/* see gallery_shortcode() in wp-includes\/media.php *\/\n\t\t<\/style>\n\t\t<div id='gallery-1' class='gallery galleryid-9310 gallery-columns-1 gallery-size-large'><dl class='gallery-item'>\n\t\t\t<dt class='gallery-icon landscape'>\n\t\t\t\t<a href='http:\/\/facic-ce.com.br\/site\/seminario-o-papel-do-parlamento-e-a-importancia-do-congresso-para-o-desenvolvimento-do-pais\/whatsapp-image-2025-09-19-at-17-24-43-3\/'><img width=\"1024\" height=\"1024\" src=\"http:\/\/facic-ce.com.br\/site\/wp-content\/uploads\/2025\/09\/WhatsApp-Image-2025-09-19-at-17.24.43-3-1024x1024.jpeg\" class=\"attachment-large size-large\" alt=\"\" loading=\"lazy\" srcset=\"http:\/\/facic-ce.com.br\/site\/wp-content\/uploads\/2025\/09\/WhatsApp-Image-2025-09-19-at-17.24.43-3-1024x1024.jpeg 1024w, http:\/\/facic-ce.com.br\/site\/wp-content\/uploads\/2025\/09\/WhatsApp-Image-2025-09-19-at-17.24.43-3-300x300.jpeg 300w, http:\/\/facic-ce.com.br\/site\/wp-content\/uploads\/2025\/09\/WhatsApp-Image-2025-09-19-at-17.24.43-3-768x768.jpeg 768w, http:\/\/facic-ce.com.br\/site\/wp-content\/uploads\/2025\/09\/WhatsApp-Image-2025-09-19-at-17.24.43-3-100x100.jpeg 100w, http:\/\/facic-ce.com.br\/site\/wp-content\/uploads\/2025\/09\/WhatsApp-Image-2025-09-19-at-17.24.43-3-140x140.jpeg 140w, http:\/\/facic-ce.com.br\/site\/wp-content\/uploads\/2025\/09\/WhatsApp-Image-2025-09-19-at-17.24.43-3-500x500.jpeg 500w, http:\/\/facic-ce.com.br\/site\/wp-content\/uploads\/2025\/09\/WhatsApp-Image-2025-09-19-at-17.24.43-3-350x350.jpeg 350w, http:\/\/facic-ce.com.br\/site\/wp-content\/uploads\/2025\/09\/WhatsApp-Image-2025-09-19-at-17.24.43-3-1000x1000.jpeg 1000w, http:\/\/facic-ce.com.br\/site\/wp-content\/uploads\/2025\/09\/WhatsApp-Image-2025-09-19-at-17.24.43-3-800x800.jpeg 800w, http:\/\/facic-ce.com.br\/site\/wp-content\/uploads\/2025\/09\/WhatsApp-Image-2025-09-19-at-17.24.43-3.jpeg 1080w\" sizes=\"(max-width: 1024px) 100vw, 1024px\" \/><\/a>\n\t\t\t<\/dt><\/dl><br style=\"clear: both\" \/><dl class='gallery-item'>\n\t\t\t<dt class='gallery-icon landscape'>\n\t\t\t\t<a href='http:\/\/facic-ce.com.br\/site\/seminario-o-papel-do-parlamento-e-a-importancia-do-congresso-para-o-desenvolvimento-do-pais\/whatsapp-image-2025-09-19-at-17-24-43-2\/'><img width=\"1024\" height=\"1024\" src=\"http:\/\/facic-ce.com.br\/site\/wp-content\/uploads\/2025\/09\/WhatsApp-Image-2025-09-19-at-17.24.43-2-1024x1024.jpeg\" class=\"attachment-large size-large\" alt=\"\" loading=\"lazy\" srcset=\"http:\/\/facic-ce.com.br\/site\/wp-content\/uploads\/2025\/09\/WhatsApp-Image-2025-09-19-at-17.24.43-2-1024x1024.jpeg 1024w, http:\/\/facic-ce.com.br\/site\/wp-content\/uploads\/2025\/09\/WhatsApp-Image-2025-09-19-at-17.24.43-2-300x300.jpeg 300w, http:\/\/facic-ce.com.br\/site\/wp-content\/uploads\/2025\/09\/WhatsApp-Image-2025-09-19-at-17.24.43-2-768x768.jpeg 768w, http:\/\/facic-ce.com.br\/site\/wp-content\/uploads\/2025\/09\/WhatsApp-Image-2025-09-19-at-17.24.43-2-100x100.jpeg 100w, http:\/\/facic-ce.com.br\/site\/wp-content\/uploads\/2025\/09\/WhatsApp-Image-2025-09-19-at-17.24.43-2-140x140.jpeg 140w, http:\/\/facic-ce.com.br\/site\/wp-content\/uploads\/2025\/09\/WhatsApp-Image-2025-09-19-at-17.24.43-2-500x500.jpeg 500w, http:\/\/facic-ce.com.br\/site\/wp-content\/uploads\/2025\/09\/WhatsApp-Image-2025-09-19-at-17.24.43-2-350x350.jpeg 350w, http:\/\/facic-ce.com.br\/site\/wp-content\/uploads\/2025\/09\/WhatsApp-Image-2025-09-19-at-17.24.43-2-1000x1000.jpeg 1000w, http:\/\/facic-ce.com.br\/site\/wp-content\/uploads\/2025\/09\/WhatsApp-Image-2025-09-19-at-17.24.43-2-800x800.jpeg 800w, http:\/\/facic-ce.com.br\/site\/wp-content\/uploads\/2025\/09\/WhatsApp-Image-2025-09-19-at-17.24.43-2.jpeg 1080w\" sizes=\"(max-width: 1024px) 100vw, 1024px\" \/><\/a>\n\t\t\t<\/dt><\/dl><br style=\"clear: both\" \/><dl class='gallery-item'>\n\t\t\t<dt class='gallery-icon landscape'>\n\t\t\t\t<a href='http:\/\/facic-ce.com.br\/site\/seminario-o-papel-do-parlamento-e-a-importancia-do-congresso-para-o-desenvolvimento-do-pais\/whatsapp-image-2025-09-19-at-17-24-44\/'><img width=\"1024\" height=\"1024\" src=\"http:\/\/facic-ce.com.br\/site\/wp-content\/uploads\/2025\/09\/WhatsApp-Image-2025-09-19-at-17.24.44-1024x1024.jpeg\" class=\"attachment-large size-large\" alt=\"\" loading=\"lazy\" srcset=\"http:\/\/facic-ce.com.br\/site\/wp-content\/uploads\/2025\/09\/WhatsApp-Image-2025-09-19-at-17.24.44-1024x1024.jpeg 1024w, http:\/\/facic-ce.com.br\/site\/wp-content\/uploads\/2025\/09\/WhatsApp-Image-2025-09-19-at-17.24.44-300x300.jpeg 300w, http:\/\/facic-ce.com.br\/site\/wp-content\/uploads\/2025\/09\/WhatsApp-Image-2025-09-19-at-17.24.44-768x768.jpeg 768w, http:\/\/facic-ce.com.br\/site\/wp-content\/uploads\/2025\/09\/WhatsApp-Image-2025-09-19-at-17.24.44-100x100.jpeg 100w, http:\/\/facic-ce.com.br\/site\/wp-content\/uploads\/2025\/09\/WhatsApp-Image-2025-09-19-at-17.24.44-140x140.jpeg 140w, http:\/\/facic-ce.com.br\/site\/wp-content\/uploads\/2025\/09\/WhatsApp-Image-2025-09-19-at-17.24.44-500x500.jpeg 500w, http:\/\/facic-ce.com.br\/site\/wp-content\/uploads\/2025\/09\/WhatsApp-Image-2025-09-19-at-17.24.44-350x350.jpeg 350w, http:\/\/facic-ce.com.br\/site\/wp-content\/uploads\/2025\/09\/WhatsApp-Image-2025-09-19-at-17.24.44-1000x1000.jpeg 1000w, http:\/\/facic-ce.com.br\/site\/wp-content\/uploads\/2025\/09\/WhatsApp-Image-2025-09-19-at-17.24.44-800x800.jpeg 800w, http:\/\/facic-ce.com.br\/site\/wp-content\/uploads\/2025\/09\/WhatsApp-Image-2025-09-19-at-17.24.44.jpeg 1080w\" sizes=\"(max-width: 1024px) 100vw, 1024px\" \/><\/a>\n\t\t\t<\/dt><\/dl><br style=\"clear: both\" \/><dl class='gallery-item'>\n\t\t\t<dt class='gallery-icon landscape'>\n\t\t\t\t<a href='http:\/\/facic-ce.com.br\/site\/seminario-o-papel-do-parlamento-e-a-importancia-do-congresso-para-o-desenvolvimento-do-pais\/whatsapp-image-2025-09-19-at-17-24-44-4\/'><img width=\"1024\" height=\"1024\" src=\"http:\/\/facic-ce.com.br\/site\/wp-content\/uploads\/2025\/09\/WhatsApp-Image-2025-09-19-at-17.24.44-4-1024x1024.jpeg\" class=\"attachment-large size-large\" alt=\"\" loading=\"lazy\" srcset=\"http:\/\/facic-ce.com.br\/site\/wp-content\/uploads\/2025\/09\/WhatsApp-Image-2025-09-19-at-17.24.44-4-1024x1024.jpeg 1024w, http:\/\/facic-ce.com.br\/site\/wp-content\/uploads\/2025\/09\/WhatsApp-Image-2025-09-19-at-17.24.44-4-300x300.jpeg 300w, http:\/\/facic-ce.com.br\/site\/wp-content\/uploads\/2025\/09\/WhatsApp-Image-2025-09-19-at-17.24.44-4-768x768.jpeg 768w, http:\/\/facic-ce.com.br\/site\/wp-content\/uploads\/2025\/09\/WhatsApp-Image-2025-09-19-at-17.24.44-4-100x100.jpeg 100w, http:\/\/facic-ce.com.br\/site\/wp-content\/uploads\/2025\/09\/WhatsApp-Image-2025-09-19-at-17.24.44-4-140x140.jpeg 140w, http:\/\/facic-ce.com.br\/site\/wp-content\/uploads\/2025\/09\/WhatsApp-Image-2025-09-19-at-17.24.44-4-500x500.jpeg 500w, http:\/\/facic-ce.com.br\/site\/wp-content\/uploads\/2025\/09\/WhatsApp-Image-2025-09-19-at-17.24.44-4-350x350.jpeg 350w, http:\/\/facic-ce.com.br\/site\/wp-content\/uploads\/2025\/09\/WhatsApp-Image-2025-09-19-at-17.24.44-4-1000x1000.jpeg 1000w, http:\/\/facic-ce.com.br\/site\/wp-content\/uploads\/2025\/09\/WhatsApp-Image-2025-09-19-at-17.24.44-4-800x800.jpeg 800w, http:\/\/facic-ce.com.br\/site\/wp-content\/uploads\/2025\/09\/WhatsApp-Image-2025-09-19-at-17.24.44-4.jpeg 1080w\" sizes=\"(max-width: 1024px) 100vw, 1024px\" \/><\/a>\n\t\t\t<\/dt><\/dl><br style=\"clear: both\" \/><dl class='gallery-item'>\n\t\t\t<dt class='gallery-icon landscape'>\n\t\t\t\t<a href='http:\/\/facic-ce.com.br\/site\/seminario-o-papel-do-parlamento-e-a-importancia-do-congresso-para-o-desenvolvimento-do-pais\/whatsapp-image-2025-09-19-at-17-24-44-2\/'><img width=\"1024\" height=\"1024\" src=\"http:\/\/facic-ce.com.br\/site\/wp-content\/uploads\/2025\/09\/WhatsApp-Image-2025-09-19-at-17.24.44-2-1024x1024.jpeg\" class=\"attachment-large size-large\" alt=\"\" loading=\"lazy\" srcset=\"http:\/\/facic-ce.com.br\/site\/wp-content\/uploads\/2025\/09\/WhatsApp-Image-2025-09-19-at-17.24.44-2-1024x1024.jpeg 1024w, http:\/\/facic-ce.com.br\/site\/wp-content\/uploads\/2025\/09\/WhatsApp-Image-2025-09-19-at-17.24.44-2-300x300.jpeg 300w, http:\/\/facic-ce.com.br\/site\/wp-content\/uploads\/2025\/09\/WhatsApp-Image-2025-09-19-at-17.24.44-2-768x768.jpeg 768w, http:\/\/facic-ce.com.br\/site\/wp-content\/uploads\/2025\/09\/WhatsApp-Image-2025-09-19-at-17.24.44-2-100x100.jpeg 100w, http:\/\/facic-ce.com.br\/site\/wp-content\/uploads\/2025\/09\/WhatsApp-Image-2025-09-19-at-17.24.44-2-140x140.jpeg 140w, http:\/\/facic-ce.com.br\/site\/wp-content\/uploads\/2025\/09\/WhatsApp-Image-2025-09-19-at-17.24.44-2-500x500.jpeg 500w, http:\/\/facic-ce.com.br\/site\/wp-content\/uploads\/2025\/09\/WhatsApp-Image-2025-09-19-at-17.24.44-2-350x350.jpeg 350w, http:\/\/facic-ce.com.br\/site\/wp-content\/uploads\/2025\/09\/WhatsApp-Image-2025-09-19-at-17.24.44-2-1000x1000.jpeg 1000w, http:\/\/facic-ce.com.br\/site\/wp-content\/uploads\/2025\/09\/WhatsApp-Image-2025-09-19-at-17.24.44-2-800x800.jpeg 800w, http:\/\/facic-ce.com.br\/site\/wp-content\/uploads\/2025\/09\/WhatsApp-Image-2025-09-19-at-17.24.44-2.jpeg 1080w\" sizes=\"(max-width: 1024px) 100vw, 1024px\" \/><\/a>\n\t\t\t<\/dt><\/dl><br style=\"clear: both\" \/><dl class='gallery-item'>\n\t\t\t<dt class='gallery-icon landscape'>\n\t\t\t\t<a href='http:\/\/facic-ce.com.br\/site\/seminario-o-papel-do-parlamento-e-a-importancia-do-congresso-para-o-desenvolvimento-do-pais\/whatsapp-image-2025-09-19-at-17-24-44-5-2\/'><img width=\"1024\" height=\"1024\" src=\"http:\/\/facic-ce.com.br\/site\/wp-content\/uploads\/2025\/09\/WhatsApp-Image-2025-09-19-at-17.24.44-5-1-1024x1024.jpeg\" class=\"attachment-large size-large\" alt=\"\" loading=\"lazy\" srcset=\"http:\/\/facic-ce.com.br\/site\/wp-content\/uploads\/2025\/09\/WhatsApp-Image-2025-09-19-at-17.24.44-5-1-1024x1024.jpeg 1024w, http:\/\/facic-ce.com.br\/site\/wp-content\/uploads\/2025\/09\/WhatsApp-Image-2025-09-19-at-17.24.44-5-1-300x300.jpeg 300w, http:\/\/facic-ce.com.br\/site\/wp-content\/uploads\/2025\/09\/WhatsApp-Image-2025-09-19-at-17.24.44-5-1-768x768.jpeg 768w, http:\/\/facic-ce.com.br\/site\/wp-content\/uploads\/2025\/09\/WhatsApp-Image-2025-09-19-at-17.24.44-5-1-100x100.jpeg 100w, http:\/\/facic-ce.com.br\/site\/wp-content\/uploads\/2025\/09\/WhatsApp-Image-2025-09-19-at-17.24.44-5-1-140x140.jpeg 140w, http:\/\/facic-ce.com.br\/site\/wp-content\/uploads\/2025\/09\/WhatsApp-Image-2025-09-19-at-17.24.44-5-1-500x500.jpeg 500w, http:\/\/facic-ce.com.br\/site\/wp-content\/uploads\/2025\/09\/WhatsApp-Image-2025-09-19-at-17.24.44-5-1-350x350.jpeg 350w, http:\/\/facic-ce.com.br\/site\/wp-content\/uploads\/2025\/09\/WhatsApp-Image-2025-09-19-at-17.24.44-5-1-1000x1000.jpeg 1000w, http:\/\/facic-ce.com.br\/site\/wp-content\/uploads\/2025\/09\/WhatsApp-Image-2025-09-19-at-17.24.44-5-1-800x800.jpeg 800w, http:\/\/facic-ce.com.br\/site\/wp-content\/uploads\/2025\/09\/WhatsApp-Image-2025-09-19-at-17.24.44-5-1.jpeg 1080w\" sizes=\"(max-width: 1024px) 100vw, 1024px\" \/><\/a>\n\t\t\t<\/dt><\/dl><br style=\"clear: both\" \/><dl class='gallery-item'>\n\t\t\t<dt class='gallery-icon landscape'>\n\t\t\t\t<a href='http:\/\/facic-ce.com.br\/site\/seminario-o-papel-do-parlamento-e-a-importancia-do-congresso-para-o-desenvolvimento-do-pais\/whatsapp-image-2025-09-19-at-17-24-43\/'><img width=\"1024\" height=\"1024\" src=\"http:\/\/facic-ce.com.br\/site\/wp-content\/uploads\/2025\/09\/WhatsApp-Image-2025-09-19-at-17.24.43-1024x1024.jpeg\" class=\"attachment-large size-large\" alt=\"\" loading=\"lazy\" srcset=\"http:\/\/facic-ce.com.br\/site\/wp-content\/uploads\/2025\/09\/WhatsApp-Image-2025-09-19-at-17.24.43-1024x1024.jpeg 1024w, http:\/\/facic-ce.com.br\/site\/wp-content\/uploads\/2025\/09\/WhatsApp-Image-2025-09-19-at-17.24.43-300x300.jpeg 300w, http:\/\/facic-ce.com.br\/site\/wp-content\/uploads\/2025\/09\/WhatsApp-Image-2025-09-19-at-17.24.43-768x768.jpeg 768w, http:\/\/facic-ce.com.br\/site\/wp-content\/uploads\/2025\/09\/WhatsApp-Image-2025-09-19-at-17.24.43-100x100.jpeg 100w, http:\/\/facic-ce.com.br\/site\/wp-content\/uploads\/2025\/09\/WhatsApp-Image-2025-09-19-at-17.24.43-140x140.jpeg 140w, http:\/\/facic-ce.com.br\/site\/wp-content\/uploads\/2025\/09\/WhatsApp-Image-2025-09-19-at-17.24.43-500x500.jpeg 500w, http:\/\/facic-ce.com.br\/site\/wp-content\/uploads\/2025\/09\/WhatsApp-Image-2025-09-19-at-17.24.43-350x350.jpeg 350w, http:\/\/facic-ce.com.br\/site\/wp-content\/uploads\/2025\/09\/WhatsApp-Image-2025-09-19-at-17.24.43-1000x1000.jpeg 1000w, http:\/\/facic-ce.com.br\/site\/wp-content\/uploads\/2025\/09\/WhatsApp-Image-2025-09-19-at-17.24.43-800x800.jpeg 800w, http:\/\/facic-ce.com.br\/site\/wp-content\/uploads\/2025\/09\/WhatsApp-Image-2025-09-19-at-17.24.43.jpeg 1080w\" sizes=\"(max-width: 1024px) 100vw, 1024px\" \/><\/a>\n\t\t\t<\/dt><\/dl><br style=\"clear: both\" \/><dl class='gallery-item'>\n\t\t\t<dt class='gallery-icon landscape'>\n\t\t\t\t<a href='http:\/\/facic-ce.com.br\/site\/seminario-o-papel-do-parlamento-e-a-importancia-do-congresso-para-o-desenvolvimento-do-pais\/whatsapp-image-2025-09-19-at-17-24-43-7\/'><img width=\"1024\" height=\"1024\" src=\"http:\/\/facic-ce.com.br\/site\/wp-content\/uploads\/2025\/09\/WhatsApp-Image-2025-09-19-at-17.24.43-7-1024x1024.jpeg\" class=\"attachment-large size-large\" alt=\"\" loading=\"lazy\" srcset=\"http:\/\/facic-ce.com.br\/site\/wp-content\/uploads\/2025\/09\/WhatsApp-Image-2025-09-19-at-17.24.43-7-1024x1024.jpeg 1024w, http:\/\/facic-ce.com.br\/site\/wp-content\/uploads\/2025\/09\/WhatsApp-Image-2025-09-19-at-17.24.43-7-300x300.jpeg 300w, http:\/\/facic-ce.com.br\/site\/wp-content\/uploads\/2025\/09\/WhatsApp-Image-2025-09-19-at-17.24.43-7-768x768.jpeg 768w, http:\/\/facic-ce.com.br\/site\/wp-content\/uploads\/2025\/09\/WhatsApp-Image-2025-09-19-at-17.24.43-7-100x100.jpeg 100w, http:\/\/facic-ce.com.br\/site\/wp-content\/uploads\/2025\/09\/WhatsApp-Image-2025-09-19-at-17.24.43-7-140x140.jpeg 140w, http:\/\/facic-ce.com.br\/site\/wp-content\/uploads\/2025\/09\/WhatsApp-Image-2025-09-19-at-17.24.43-7-500x500.jpeg 500w, http:\/\/facic-ce.com.br\/site\/wp-content\/uploads\/2025\/09\/WhatsApp-Image-2025-09-19-at-17.24.43-7-350x350.jpeg 350w, http:\/\/facic-ce.com.br\/site\/wp-content\/uploads\/2025\/09\/WhatsApp-Image-2025-09-19-at-17.24.43-7-1000x1000.jpeg 1000w, http:\/\/facic-ce.com.br\/site\/wp-content\/uploads\/2025\/09\/WhatsApp-Image-2025-09-19-at-17.24.43-7-800x800.jpeg 800w, http:\/\/facic-ce.com.br\/site\/wp-content\/uploads\/2025\/09\/WhatsApp-Image-2025-09-19-at-17.24.43-7.jpeg 1080w\" sizes=\"(max-width: 1024px) 100vw, 1024px\" \/><\/a>\n\t\t\t<\/dt><\/dl><br style=\"clear: both\" \/><dl class='gallery-item'>\n\t\t\t<dt class='gallery-icon landscape'>\n\t\t\t\t<a href='http:\/\/facic-ce.com.br\/site\/seminario-o-papel-do-parlamento-e-a-importancia-do-congresso-para-o-desenvolvimento-do-pais\/whatsapp-image-2025-09-19-at-17-24-43-6\/'><img width=\"1024\" height=\"1024\" src=\"http:\/\/facic-ce.com.br\/site\/wp-content\/uploads\/2025\/09\/WhatsApp-Image-2025-09-19-at-17.24.43-6-1024x1024.jpeg\" class=\"attachment-large size-large\" alt=\"\" loading=\"lazy\" srcset=\"http:\/\/facic-ce.com.br\/site\/wp-content\/uploads\/2025\/09\/WhatsApp-Image-2025-09-19-at-17.24.43-6-1024x1024.jpeg 1024w, http:\/\/facic-ce.com.br\/site\/wp-content\/uploads\/2025\/09\/WhatsApp-Image-2025-09-19-at-17.24.43-6-300x300.jpeg 300w, http:\/\/facic-ce.com.br\/site\/wp-content\/uploads\/2025\/09\/WhatsApp-Image-2025-09-19-at-17.24.43-6-768x768.jpeg 768w, http:\/\/facic-ce.com.br\/site\/wp-content\/uploads\/2025\/09\/WhatsApp-Image-2025-09-19-at-17.24.43-6-100x100.jpeg 100w, http:\/\/facic-ce.com.br\/site\/wp-content\/uploads\/2025\/09\/WhatsApp-Image-2025-09-19-at-17.24.43-6-140x140.jpeg 140w, http:\/\/facic-ce.com.br\/site\/wp-content\/uploads\/2025\/09\/WhatsApp-Image-2025-09-19-at-17.24.43-6-500x500.jpeg 500w, http:\/\/facic-ce.com.br\/site\/wp-content\/uploads\/2025\/09\/WhatsApp-Image-2025-09-19-at-17.24.43-6-350x350.jpeg 350w, http:\/\/facic-ce.com.br\/site\/wp-content\/uploads\/2025\/09\/WhatsApp-Image-2025-09-19-at-17.24.43-6-1000x1000.jpeg 1000w, http:\/\/facic-ce.com.br\/site\/wp-content\/uploads\/2025\/09\/WhatsApp-Image-2025-09-19-at-17.24.43-6-800x800.jpeg 800w, http:\/\/facic-ce.com.br\/site\/wp-content\/uploads\/2025\/09\/WhatsApp-Image-2025-09-19-at-17.24.43-6.jpeg 1080w\" sizes=\"(max-width: 1024px) 100vw, 1024px\" \/><\/a>\n\t\t\t<\/dt><\/dl><br style=\"clear: both\" \/>\n\t\t<\/div>\n\n","protected":false},"excerpt":{"rendered":"<p>\u2728 Hoje, 19 de setembro de 2025, \u00e0s 9h, no Senac, aconteceu o Semin\u00e1rio \u201cO Papel do Parlamento e a Import\u00e2ncia do Congresso para o Desenvolvimento do Pa\u00eds\u201d, organizado pela&#8230;<\/p>\n","protected":false},"author":2,"featured_media":9326,"comment_status":"open","ping_status":"open","sticky":false,"template":"","format":"standard","meta":[],"categories":[17,7],"tags":[],"_links":{"self":[{"href":"http:\/\/facic-ce.com.br\/site\/wp-json\/wp\/v2\/posts\/9310"}],"collection":[{"href":"http:\/\/facic-ce.com.br\/site\/wp-json\/wp\/v2\/posts"}],"about":[{"href":"http:\/\/facic-ce.com.br\/site\/wp-json\/wp\/v2\/types\/post"}],"author":[{"embeddable":true,"href":"http:\/\/facic-ce.com.br\/site\/wp-json\/wp\/v2\/users\/2"}],"replies":[{"embeddable":true,"href":"http:\/\/facic-ce.com.br\/site\/wp-json\/wp\/v2\/comments?post=9310"}],"version-history":[{"count":1,"href":"http:\/\/facic-ce.com.br\/site\/wp-json\/wp\/v2\/posts\/9310\/revisions"}],"predecessor-version":[{"id":9327,"href":"http:\/\/facic-ce.com.br\/site\/wp-json\/wp\/v2\/posts\/9310\/revisions\/9327"}],"wp:featuredmedia":[{"embeddable":true,"href":"http:\/\/facic-ce.com.br\/site\/wp-json\/wp\/v2\/media\/9326"}],"wp:attachment":[{"href":"http:\/\/facic-ce.com.br\/site\/wp-json\/wp\/v2\/media?parent=9310"}],"wp:term":[{"taxonomy":"category","embeddable":true,"href":"http:\/\/facic-ce.com.br\/site\/wp-json\/wp\/v2\/categories?post=9310"},{"taxonomy":"post_tag","embeddable":true,"href":"http:\/\/facic-ce.com.br\/site\/wp-json\/wp\/v2\/tags?post=9310"}],"curies":[{"name":"wp","href":"https:\/\/api.w.org\/{rel}","templated":true}]}}