{"id":9328,"date":"2025-09-20T08:23:34","date_gmt":"2025-09-20T11:23:34","guid":{"rendered":"http:\/\/facic-ce.com.br\/site\/?p=9328"},"modified":"2025-09-20T08:58:08","modified_gmt":"2025-09-20T11:58:08","slug":"no-ultimo-dia-18-09-a-10a-regiao-militar-teve-a-honra-de-homenagear-o-nosso-estimado-cid-alves-presidente-da-facic-que-recebeu-o-diploma-de-amigo-da-10a-regiao-militar","status":"publish","type":"post","link":"http:\/\/facic-ce.com.br\/site\/no-ultimo-dia-18-09-a-10a-regiao-militar-teve-a-honra-de-homenagear-o-nosso-estimado-cid-alves-presidente-da-facic-que-recebeu-o-diploma-de-amigo-da-10a-regiao-militar\/","title":{"rendered":"No \u00faltimo dia 18\/09, a 10\u00aa Regi\u00e3o Militar teve a honra de homenagear o presidente da FACIC, Cid Alves, que recebeu o diploma de Amigo da 10\u00aa Regi\u00e3o Militar"},"content":{"rendered":"<p>\ud83c\udf1f Uma noite de honra e celebra\u00e7\u00e3o! \ud83c\udf1f<\/p>\n<p>No \u00faltimo dia 18\/09, a 10\u00aa Regi\u00e3o Militar teve a honra de homenagear o nosso estimado Cid Alves, presidente da FACIC, que recebeu o diploma de Amigo da 10\u00aa Regi\u00e3o Militar das m\u00e3os do General de Divis\u00e3o Ivon Barreto Le\u00e3o. Este reconhecimento \u00e9 mais do que merecido, refletindo sua incans\u00e1vel dedica\u00e7\u00e3o \u00e0 comunidade e \u00e0s for\u00e7as armadas! \ud83e\udd47<\/p>\n<p>Cid Alves \u00e9 um verdadeiro exemplo de lideran\u00e7a e uni\u00e3o. Seu trabalho tem sido fundamental para fortalecer os la\u00e7os entre o setor produtivo e a 10\u00aa Regi\u00e3o Militar, criando sinergias que elevam nosso Cear\u00e1 a novos patamares de desenvolvimento econ\u00f4mico e social. \ud83e\udd1d\u2728<\/p>\n<p>A parceria entre a FACIC e a 10\u00aa Regi\u00e3o Militar transcende as palavras; \u00e9 concretizada por meio de a\u00e7\u00f5es! Workshops, eventos e diversas iniciativas conjuntas t\u00eam evidenciado que o caminho da colabora\u00e7\u00e3o c\u00edvico-militar \u00e9 promissor e repleto de resultados positivos para nossa sociedade. \ud83c\udf31\ud83d\udca1<\/p>\n<p>A presen\u00e7a de diretores da 10\u00aa Regi\u00e3o Militar, amigos e familiares trouxe ainda mais alegria a esse momento especial. \u00c9 um orgulho perceber como a uni\u00e3o dos setores civil e militar pode impactar nossas comunidades e transformar realidades! \ud83d\udc96\ud83d\udc4d<\/p>\n<p>Parab\u00e9ns, Cid Alves! Que sua trajet\u00f3ria continue a inspirar muitos outros. Juntos, seguiremos promovendo um Cear\u00e1 cada vez melhor! \ud83c\udf89\ud83d\ude4c<\/p>\n<p>#facic #10regi\u00e3omilitar #parceria #homenagem #cidalves #desenvolvimento #cear\u00e1 #for\u00e7asarmadas #colabora\u00e7\u00e3o #orgulholocal #facic #palaciodocomercio #FACIC #Palaciodocomercio<\/p>\n\n\t\t<style type=\"text\/css\">\n\t\t\t#gallery-1 {\n\t\t\t\tmargin: auto;\n\t\t\t}\n\t\t\t#gallery-1 .gallery-item {\n\t\t\t\tfloat: left;\n\t\t\t\tmargin-top: 10px;\n\t\t\t\ttext-align: center;\n\t\t\t\twidth: 100%;\n\t\t\t}\n\t\t\t#gallery-1 img {\n\t\t\t\tborder: 2px solid #cfcfcf;\n\t\t\t}\n\t\t\t#gallery-1 .gallery-caption {\n\t\t\t\tmargin-left: 0;\n\t\t\t}\n\t\t\t\/* see gallery_shortcode() in wp-includes\/media.php *\/\n\t\t<\/style>\n\t\t<div id='gallery-1' class='gallery galleryid-9328 gallery-columns-1 gallery-size-large'><dl class='gallery-item'>\n\t\t\t<dt class='gallery-icon landscape'>\n\t\t\t\t<a href='http:\/\/facic-ce.com.br\/site\/no-ultimo-dia-18-09-a-10a-regiao-militar-teve-a-honra-de-homenagear-o-nosso-estimado-cid-alves-presidente-da-facic-que-recebeu-o-diploma-de-amigo-da-10a-regiao-militar\/whatsapp-image-2025-09-19-at-09-45-25\/'><img width=\"1024\" height=\"922\" src=\"http:\/\/facic-ce.com.br\/site\/wp-content\/uploads\/2025\/09\/WhatsApp-Image-2025-09-19-at-09.45.25-e1758369408327-1024x922.jpeg\" class=\"attachment-large size-large\" alt=\"\" loading=\"lazy\" srcset=\"http:\/\/facic-ce.com.br\/site\/wp-content\/uploads\/2025\/09\/WhatsApp-Image-2025-09-19-at-09.45.25-e1758369408327-1024x922.jpeg 1024w, http:\/\/facic-ce.com.br\/site\/wp-content\/uploads\/2025\/09\/WhatsApp-Image-2025-09-19-at-09.45.25-e1758369408327-300x270.jpeg 300w, http:\/\/facic-ce.com.br\/site\/wp-content\/uploads\/2025\/09\/WhatsApp-Image-2025-09-19-at-09.45.25-e1758369408327-768x691.jpeg 768w, http:\/\/facic-ce.com.br\/site\/wp-content\/uploads\/2025\/09\/WhatsApp-Image-2025-09-19-at-09.45.25-e1758369408327.jpeg 1244w\" sizes=\"(max-width: 1024px) 100vw, 1024px\" \/><\/a>\n\t\t\t<\/dt><\/dl><br style=\"clear: both\" \/><dl class='gallery-item'>\n\t\t\t<dt class='gallery-icon portrait'>\n\t\t\t\t<a href='http:\/\/facic-ce.com.br\/site\/no-ultimo-dia-18-09-a-10a-regiao-militar-teve-a-honra-de-homenagear-o-nosso-estimado-cid-alves-presidente-da-facic-que-recebeu-o-diploma-de-amigo-da-10a-regiao-militar\/whatsapp-image-2025-09-19-at-09-45-24\/'><img width=\"820\" height=\"1024\" src=\"http:\/\/facic-ce.com.br\/site\/wp-content\/uploads\/2025\/09\/WhatsApp-Image-2025-09-19-at-09.45.24-820x1024.jpeg\" class=\"attachment-large size-large\" alt=\"\" loading=\"lazy\" srcset=\"http:\/\/facic-ce.com.br\/site\/wp-content\/uploads\/2025\/09\/WhatsApp-Image-2025-09-19-at-09.45.24-820x1024.jpeg 820w, http:\/\/facic-ce.com.br\/site\/wp-content\/uploads\/2025\/09\/WhatsApp-Image-2025-09-19-at-09.45.24-240x300.jpeg 240w, http:\/\/facic-ce.com.br\/site\/wp-content\/uploads\/2025\/09\/WhatsApp-Image-2025-09-19-at-09.45.24-768x959.jpeg 768w, http:\/\/facic-ce.com.br\/site\/wp-content\/uploads\/2025\/09\/WhatsApp-Image-2025-09-19-at-09.45.24-1230x1536.jpeg 1230w, http:\/\/facic-ce.com.br\/site\/wp-content\/uploads\/2025\/09\/WhatsApp-Image-2025-09-19-at-09.45.24.jpeg 1281w\" sizes=\"(max-width: 820px) 100vw, 820px\" \/><\/a>\n\t\t\t<\/dt><\/dl><br style=\"clear: both\" \/><dl class='gallery-item'>\n\t\t\t<dt class='gallery-icon portrait'>\n\t\t\t\t<a href='http:\/\/facic-ce.com.br\/site\/no-ultimo-dia-18-09-a-10a-regiao-militar-teve-a-honra-de-homenagear-o-nosso-estimado-cid-alves-presidente-da-facic-que-recebeu-o-diploma-de-amigo-da-10a-regiao-militar\/whatsapp-image-2025-09-19-at-10-09-21\/'><img width=\"820\" height=\"1024\" src=\"http:\/\/facic-ce.com.br\/site\/wp-content\/uploads\/2025\/09\/WhatsApp-Image-2025-09-19-at-10.09.21-820x1024.jpeg\" class=\"attachment-large size-large\" alt=\"\" loading=\"lazy\" srcset=\"http:\/\/facic-ce.com.br\/site\/wp-content\/uploads\/2025\/09\/WhatsApp-Image-2025-09-19-at-10.09.21-820x1024.jpeg 820w, http:\/\/facic-ce.com.br\/site\/wp-content\/uploads\/2025\/09\/WhatsApp-Image-2025-09-19-at-10.09.21-240x300.jpeg 240w, http:\/\/facic-ce.com.br\/site\/wp-content\/uploads\/2025\/09\/WhatsApp-Image-2025-09-19-at-10.09.21-768x959.jpeg 768w, http:\/\/facic-ce.com.br\/site\/wp-content\/uploads\/2025\/09\/WhatsApp-Image-2025-09-19-at-10.09.21-1230x1536.jpeg 1230w, http:\/\/facic-ce.com.br\/site\/wp-content\/uploads\/2025\/09\/WhatsApp-Image-2025-09-19-at-10.09.21.jpeg 1281w\" sizes=\"(max-width: 820px) 100vw, 820px\" \/><\/a>\n\t\t\t<\/dt><\/dl><br style=\"clear: both\" \/><dl class='gallery-item'>\n\t\t\t<dt class='gallery-icon portrait'>\n\t\t\t\t<a href='http:\/\/facic-ce.com.br\/site\/no-ultimo-dia-18-09-a-10a-regiao-militar-teve-a-honra-de-homenagear-o-nosso-estimado-cid-alves-presidente-da-facic-que-recebeu-o-diploma-de-amigo-da-10a-regiao-militar\/whatsapp-image-2025-09-19-at-09-59-56-3\/'><img width=\"818\" height=\"1024\" src=\"http:\/\/facic-ce.com.br\/site\/wp-content\/uploads\/2025\/09\/WhatsApp-Image-2025-09-19-at-09.59.56-3-818x1024.jpeg\" class=\"attachment-large size-large\" alt=\"\" loading=\"lazy\" srcset=\"http:\/\/facic-ce.com.br\/site\/wp-content\/uploads\/2025\/09\/WhatsApp-Image-2025-09-19-at-09.59.56-3-818x1024.jpeg 818w, http:\/\/facic-ce.com.br\/site\/wp-content\/uploads\/2025\/09\/WhatsApp-Image-2025-09-19-at-09.59.56-3-240x300.jpeg 240w, http:\/\/facic-ce.com.br\/site\/wp-content\/uploads\/2025\/09\/WhatsApp-Image-2025-09-19-at-09.59.56-3-768x962.jpeg 768w, http:\/\/facic-ce.com.br\/site\/wp-content\/uploads\/2025\/09\/WhatsApp-Image-2025-09-19-at-09.59.56-3-1227x1536.jpeg 1227w, http:\/\/facic-ce.com.br\/site\/wp-content\/uploads\/2025\/09\/WhatsApp-Image-2025-09-19-at-09.59.56-3.jpeg 1278w\" sizes=\"(max-width: 818px) 100vw, 818px\" \/><\/a>\n\t\t\t<\/dt><\/dl><br style=\"clear: both\" \/><dl class='gallery-item'>\n\t\t\t<dt class='gallery-icon portrait'>\n\t\t\t\t<a href='http:\/\/facic-ce.com.br\/site\/no-ultimo-dia-18-09-a-10a-regiao-militar-teve-a-honra-de-homenagear-o-nosso-estimado-cid-alves-presidente-da-facic-que-recebeu-o-diploma-de-amigo-da-10a-regiao-militar\/whatsapp-image-2025-09-19-at-09-45-26\/'><img width=\"820\" height=\"1024\" src=\"http:\/\/facic-ce.com.br\/site\/wp-content\/uploads\/2025\/09\/WhatsApp-Image-2025-09-19-at-09.45.26-820x1024.jpeg\" class=\"attachment-large size-large\" alt=\"\" loading=\"lazy\" srcset=\"http:\/\/facic-ce.com.br\/site\/wp-content\/uploads\/2025\/09\/WhatsApp-Image-2025-09-19-at-09.45.26-820x1024.jpeg 820w, http:\/\/facic-ce.com.br\/site\/wp-content\/uploads\/2025\/09\/WhatsApp-Image-2025-09-19-at-09.45.26-240x300.jpeg 240w, http:\/\/facic-ce.com.br\/site\/wp-content\/uploads\/2025\/09\/WhatsApp-Image-2025-09-19-at-09.45.26-768x959.jpeg 768w, http:\/\/facic-ce.com.br\/site\/wp-content\/uploads\/2025\/09\/WhatsApp-Image-2025-09-19-at-09.45.26-1230x1536.jpeg 1230w, http:\/\/facic-ce.com.br\/site\/wp-content\/uploads\/2025\/09\/WhatsApp-Image-2025-09-19-at-09.45.26.jpeg 1281w\" sizes=\"(max-width: 820px) 100vw, 820px\" \/><\/a>\n\t\t\t<\/dt><\/dl><br style=\"clear: both\" \/><dl class='gallery-item'>\n\t\t\t<dt class='gallery-icon portrait'>\n\t\t\t\t<a href='http:\/\/facic-ce.com.br\/site\/no-ultimo-dia-18-09-a-10a-regiao-militar-teve-a-honra-de-homenagear-o-nosso-estimado-cid-alves-presidente-da-facic-que-recebeu-o-diploma-de-amigo-da-10a-regiao-militar\/whatsapp-image-2025-09-19-at-09-59-56-2\/'><img width=\"818\" height=\"1024\" src=\"http:\/\/facic-ce.com.br\/site\/wp-content\/uploads\/2025\/09\/WhatsApp-Image-2025-09-19-at-09.59.56-2-818x1024.jpeg\" class=\"attachment-large size-large\" alt=\"\" loading=\"lazy\" srcset=\"http:\/\/facic-ce.com.br\/site\/wp-content\/uploads\/2025\/09\/WhatsApp-Image-2025-09-19-at-09.59.56-2-818x1024.jpeg 818w, http:\/\/facic-ce.com.br\/site\/wp-content\/uploads\/2025\/09\/WhatsApp-Image-2025-09-19-at-09.59.56-2-240x300.jpeg 240w, http:\/\/facic-ce.com.br\/site\/wp-content\/uploads\/2025\/09\/WhatsApp-Image-2025-09-19-at-09.59.56-2-768x962.jpeg 768w, http:\/\/facic-ce.com.br\/site\/wp-content\/uploads\/2025\/09\/WhatsApp-Image-2025-09-19-at-09.59.56-2-1227x1536.jpeg 1227w, http:\/\/facic-ce.com.br\/site\/wp-content\/uploads\/2025\/09\/WhatsApp-Image-2025-09-19-at-09.59.56-2.jpeg 1278w\" sizes=\"(max-width: 818px) 100vw, 818px\" \/><\/a>\n\t\t\t<\/dt><\/dl><br style=\"clear: both\" \/>\n\t\t<\/div>\n\n","protected":false},"excerpt":{"rendered":"<p>\ud83c\udf1f Uma noite de honra e celebra\u00e7\u00e3o! \ud83c\udf1f No \u00faltimo dia 18\/09, a 10\u00aa Regi\u00e3o Militar teve a honra de homenagear o nosso estimado Cid Alves, presidente da FACIC, que&#8230;<\/p>\n","protected":false},"author":2,"featured_media":9332,"comment_status":"open","ping_status":"open","sticky":false,"template":"","format":"standard","meta":[],"categories":[17,7],"tags":[],"_links":{"self":[{"href":"http:\/\/facic-ce.com.br\/site\/wp-json\/wp\/v2\/posts\/9328"}],"collection":[{"href":"http:\/\/facic-ce.com.br\/site\/wp-json\/wp\/v2\/posts"}],"about":[{"href":"http:\/\/facic-ce.com.br\/site\/wp-json\/wp\/v2\/types\/post"}],"author":[{"embeddable":true,"href":"http:\/\/facic-ce.com.br\/site\/wp-json\/wp\/v2\/users\/2"}],"replies":[{"embeddable":true,"href":"http:\/\/facic-ce.com.br\/site\/wp-json\/wp\/v2\/comments?post=9328"}],"version-history":[{"count":5,"href":"http:\/\/facic-ce.com.br\/site\/wp-json\/wp\/v2\/posts\/9328\/revisions"}],"predecessor-version":[{"id":9341,"href":"http:\/\/facic-ce.com.br\/site\/wp-json\/wp\/v2\/posts\/9328\/revisions\/9341"}],"wp:featuredmedia":[{"embeddable":true,"href":"http:\/\/facic-ce.com.br\/site\/wp-json\/wp\/v2\/media\/9332"}],"wp:attachment":[{"href":"http:\/\/facic-ce.com.br\/site\/wp-json\/wp\/v2\/media?parent=9328"}],"wp:term":[{"taxonomy":"category","embeddable":true,"href":"http:\/\/facic-ce.com.br\/site\/wp-json\/wp\/v2\/categories?post=9328"},{"taxonomy":"post_tag","embeddable":true,"href":"http:\/\/facic-ce.com.br\/site\/wp-json\/wp\/v2\/tags?post=9328"}],"curies":[{"name":"wp","href":"https:\/\/api.w.org\/{rel}","templated":true}]}}