{"id":9344,"date":"2025-09-19T16:15:18","date_gmt":"2025-09-19T19:15:18","guid":{"rendered":"http:\/\/facic-ce.com.br\/site\/?p=9344"},"modified":"2025-10-01T16:36:32","modified_gmt":"2025-10-01T19:36:32","slug":"reuniao-fecomercio","status":"publish","type":"post","link":"http:\/\/facic-ce.com.br\/site\/reuniao-fecomercio\/","title":{"rendered":"Semin\u00e1rio \u201cO Papel do Parlamento e a Import\u00e2ncia do Congresso para o Desenvolvimento do Pa\u00eds\u201d"},"content":{"rendered":"<p>\u2728 Hoje, 19 de setembro de 2025, \u00e0s 9h, no Senac, aconteceu o Semin\u00e1rio \u201cO Papel do Parlamento e a Import\u00e2ncia do Congresso para o Desenvolvimento do Pa\u00eds\u201d, organizado pela Frente Parlamentar do Empreendedorismo, com abertura realizada pelo deputado federal Luiz Gast\u00e3o.<\/p>\n<p>\ud83d\udccc O presidente da FACIC, Cid Alves, participou ativamente:<br \/>\n\u27a1\ufe0f Painel 1 \u2013 Debatedor no tema Seguran\u00e7a P\u00fablica: Desafios e Solu\u00e7\u00f5es para o Fortalecimento Institucional e Melhoria do Ambiente de Neg\u00f3cios.<br \/>\n\u27a1\ufe0f Painel 2 \u2013 Debate sobre Moderniza\u00e7\u00e3o Fiscal e Desenvolvimento Econ\u00f4mico: Como a Reforma Tribut\u00e1ria Pode Impulsionar os Pequenos Neg\u00f3cios.<\/p>\n<p>\ud83e\udd1d Um momento de di\u00e1logo, troca de ideias e constru\u00e7\u00e3o de solu\u00e7\u00f5es para o futuro do Brasil!<\/p>\n\n\t\t<style type=\"text\/css\">\n\t\t\t#gallery-1 {\n\t\t\t\tmargin: auto;\n\t\t\t}\n\t\t\t#gallery-1 .gallery-item {\n\t\t\t\tfloat: left;\n\t\t\t\tmargin-top: 10px;\n\t\t\t\ttext-align: center;\n\t\t\t\twidth: 100%;\n\t\t\t}\n\t\t\t#gallery-1 img {\n\t\t\t\tborder: 2px solid #cfcfcf;\n\t\t\t}\n\t\t\t#gallery-1 .gallery-caption {\n\t\t\t\tmargin-left: 0;\n\t\t\t}\n\t\t\t\/* see gallery_shortcode() in wp-includes\/media.php *\/\n\t\t<\/style>\n\t\t<div id='gallery-1' class='gallery galleryid-9344 gallery-columns-1 gallery-size-large'><dl class='gallery-item'>\n\t\t\t<dt class='gallery-icon landscape'>\n\t\t\t\t<a href='http:\/\/facic-ce.com.br\/site\/reuniao-fecomercio\/whatsapp-image-2025-09-19-at-16-18-41-5\/'><img width=\"1024\" height=\"768\" src=\"http:\/\/facic-ce.com.br\/site\/wp-content\/uploads\/2025\/10\/WhatsApp-Image-2025-09-19-at-16.18.41-5-1024x768.jpeg\" class=\"attachment-large size-large\" alt=\"\" loading=\"lazy\" srcset=\"http:\/\/facic-ce.com.br\/site\/wp-content\/uploads\/2025\/10\/WhatsApp-Image-2025-09-19-at-16.18.41-5-1024x768.jpeg 1024w, http:\/\/facic-ce.com.br\/site\/wp-content\/uploads\/2025\/10\/WhatsApp-Image-2025-09-19-at-16.18.41-5-300x225.jpeg 300w, http:\/\/facic-ce.com.br\/site\/wp-content\/uploads\/2025\/10\/WhatsApp-Image-2025-09-19-at-16.18.41-5-768x576.jpeg 768w, http:\/\/facic-ce.com.br\/site\/wp-content\/uploads\/2025\/10\/WhatsApp-Image-2025-09-19-at-16.18.41-5.jpeg 1280w\" sizes=\"(max-width: 1024px) 100vw, 1024px\" \/><\/a>\n\t\t\t<\/dt><\/dl><br style=\"clear: both\" \/><dl class='gallery-item'>\n\t\t\t<dt class='gallery-icon landscape'>\n\t\t\t\t<a href='http:\/\/facic-ce.com.br\/site\/reuniao-fecomercio\/whatsapp-image-2025-09-19-at-16-18-41-1\/'><img width=\"1024\" height=\"768\" src=\"http:\/\/facic-ce.com.br\/site\/wp-content\/uploads\/2025\/10\/WhatsApp-Image-2025-09-19-at-16.18.41-1-1024x768.jpeg\" class=\"attachment-large size-large\" alt=\"\" loading=\"lazy\" srcset=\"http:\/\/facic-ce.com.br\/site\/wp-content\/uploads\/2025\/10\/WhatsApp-Image-2025-09-19-at-16.18.41-1-1024x768.jpeg 1024w, http:\/\/facic-ce.com.br\/site\/wp-content\/uploads\/2025\/10\/WhatsApp-Image-2025-09-19-at-16.18.41-1-300x225.jpeg 300w, http:\/\/facic-ce.com.br\/site\/wp-content\/uploads\/2025\/10\/WhatsApp-Image-2025-09-19-at-16.18.41-1-768x576.jpeg 768w, http:\/\/facic-ce.com.br\/site\/wp-content\/uploads\/2025\/10\/WhatsApp-Image-2025-09-19-at-16.18.41-1.jpeg 1280w\" sizes=\"(max-width: 1024px) 100vw, 1024px\" \/><\/a>\n\t\t\t<\/dt><\/dl><br style=\"clear: both\" \/><dl class='gallery-item'>\n\t\t\t<dt class='gallery-icon landscape'>\n\t\t\t\t<a href='http:\/\/facic-ce.com.br\/site\/reuniao-fecomercio\/whatsapp-image-2025-09-19-at-16-18-41-3\/'><img width=\"1024\" height=\"768\" src=\"http:\/\/facic-ce.com.br\/site\/wp-content\/uploads\/2025\/10\/WhatsApp-Image-2025-09-19-at-16.18.41-3-1024x768.jpeg\" class=\"attachment-large size-large\" alt=\"\" loading=\"lazy\" srcset=\"http:\/\/facic-ce.com.br\/site\/wp-content\/uploads\/2025\/10\/WhatsApp-Image-2025-09-19-at-16.18.41-3-1024x768.jpeg 1024w, http:\/\/facic-ce.com.br\/site\/wp-content\/uploads\/2025\/10\/WhatsApp-Image-2025-09-19-at-16.18.41-3-300x225.jpeg 300w, http:\/\/facic-ce.com.br\/site\/wp-content\/uploads\/2025\/10\/WhatsApp-Image-2025-09-19-at-16.18.41-3-768x576.jpeg 768w, http:\/\/facic-ce.com.br\/site\/wp-content\/uploads\/2025\/10\/WhatsApp-Image-2025-09-19-at-16.18.41-3.jpeg 1280w\" sizes=\"(max-width: 1024px) 100vw, 1024px\" \/><\/a>\n\t\t\t<\/dt><\/dl><br style=\"clear: both\" \/><dl class='gallery-item'>\n\t\t\t<dt class='gallery-icon portrait'>\n\t\t\t\t<a href='http:\/\/facic-ce.com.br\/site\/reuniao-fecomercio\/whatsapp-image-2025-09-19-at-16-18-41-4\/'><img width=\"702\" height=\"1024\" src=\"http:\/\/facic-ce.com.br\/site\/wp-content\/uploads\/2025\/10\/WhatsApp-Image-2025-09-19-at-16.18.41-4-702x1024.jpeg\" class=\"attachment-large size-large\" alt=\"\" loading=\"lazy\" srcset=\"http:\/\/facic-ce.com.br\/site\/wp-content\/uploads\/2025\/10\/WhatsApp-Image-2025-09-19-at-16.18.41-4-702x1024.jpeg 702w, http:\/\/facic-ce.com.br\/site\/wp-content\/uploads\/2025\/10\/WhatsApp-Image-2025-09-19-at-16.18.41-4-206x300.jpeg 206w, http:\/\/facic-ce.com.br\/site\/wp-content\/uploads\/2025\/10\/WhatsApp-Image-2025-09-19-at-16.18.41-4-768x1121.jpeg 768w, http:\/\/facic-ce.com.br\/site\/wp-content\/uploads\/2025\/10\/WhatsApp-Image-2025-09-19-at-16.18.41-4.jpeg 877w\" sizes=\"(max-width: 702px) 100vw, 702px\" \/><\/a>\n\t\t\t<\/dt><\/dl><br style=\"clear: both\" \/><dl class='gallery-item'>\n\t\t\t<dt class='gallery-icon portrait'>\n\t\t\t\t<a href='http:\/\/facic-ce.com.br\/site\/reuniao-fecomercio\/whatsapp-image-2025-09-19-at-16-23-14\/'><img width=\"768\" height=\"1024\" src=\"http:\/\/facic-ce.com.br\/site\/wp-content\/uploads\/2025\/10\/WhatsApp-Image-2025-09-19-at-16.23.14-768x1024.jpeg\" class=\"attachment-large size-large\" alt=\"\" loading=\"lazy\" srcset=\"http:\/\/facic-ce.com.br\/site\/wp-content\/uploads\/2025\/10\/WhatsApp-Image-2025-09-19-at-16.23.14-768x1024.jpeg 768w, http:\/\/facic-ce.com.br\/site\/wp-content\/uploads\/2025\/10\/WhatsApp-Image-2025-09-19-at-16.23.14-225x300.jpeg 225w, http:\/\/facic-ce.com.br\/site\/wp-content\/uploads\/2025\/10\/WhatsApp-Image-2025-09-19-at-16.23.14.jpeg 960w\" sizes=\"(max-width: 768px) 100vw, 768px\" \/><\/a>\n\t\t\t<\/dt><\/dl><br style=\"clear: both\" \/><dl class='gallery-item'>\n\t\t\t<dt class='gallery-icon portrait'>\n\t\t\t\t<a href='http:\/\/facic-ce.com.br\/site\/reuniao-fecomercio\/whatsapp-image-2025-09-19-at-16-18-41\/'><img width=\"768\" height=\"1024\" src=\"http:\/\/facic-ce.com.br\/site\/wp-content\/uploads\/2025\/10\/WhatsApp-Image-2025-09-19-at-16.18.41-768x1024.jpeg\" class=\"attachment-large size-large\" alt=\"\" loading=\"lazy\" srcset=\"http:\/\/facic-ce.com.br\/site\/wp-content\/uploads\/2025\/10\/WhatsApp-Image-2025-09-19-at-16.18.41-768x1024.jpeg 768w, http:\/\/facic-ce.com.br\/site\/wp-content\/uploads\/2025\/10\/WhatsApp-Image-2025-09-19-at-16.18.41-225x300.jpeg 225w, http:\/\/facic-ce.com.br\/site\/wp-content\/uploads\/2025\/10\/WhatsApp-Image-2025-09-19-at-16.18.41.jpeg 960w\" sizes=\"(max-width: 768px) 100vw, 768px\" \/><\/a>\n\t\t\t<\/dt><\/dl><br style=\"clear: both\" \/><dl class='gallery-item'>\n\t\t\t<dt class='gallery-icon portrait'>\n\t\t\t\t<a href='http:\/\/facic-ce.com.br\/site\/reuniao-fecomercio\/whatsapp-image-2025-09-19-at-16-23-15\/'><img width=\"768\" height=\"1024\" src=\"http:\/\/facic-ce.com.br\/site\/wp-content\/uploads\/2025\/10\/WhatsApp-Image-2025-09-19-at-16.23.15-768x1024.jpeg\" class=\"attachment-large size-large\" alt=\"\" loading=\"lazy\" srcset=\"http:\/\/facic-ce.com.br\/site\/wp-content\/uploads\/2025\/10\/WhatsApp-Image-2025-09-19-at-16.23.15-768x1024.jpeg 768w, http:\/\/facic-ce.com.br\/site\/wp-content\/uploads\/2025\/10\/WhatsApp-Image-2025-09-19-at-16.23.15-225x300.jpeg 225w, http:\/\/facic-ce.com.br\/site\/wp-content\/uploads\/2025\/10\/WhatsApp-Image-2025-09-19-at-16.23.15.jpeg 960w\" sizes=\"(max-width: 768px) 100vw, 768px\" \/><\/a>\n\t\t\t<\/dt><\/dl><br style=\"clear: both\" \/><dl class='gallery-item'>\n\t\t\t<dt class='gallery-icon landscape'>\n\t\t\t\t<a href='http:\/\/facic-ce.com.br\/site\/reuniao-fecomercio\/whatsapp-image-2025-09-19-at-16-18-41-6\/'><img width=\"1024\" height=\"768\" src=\"http:\/\/facic-ce.com.br\/site\/wp-content\/uploads\/2025\/10\/WhatsApp-Image-2025-09-19-at-16.18.41-6-1024x768.jpeg\" class=\"attachment-large size-large\" alt=\"\" loading=\"lazy\" srcset=\"http:\/\/facic-ce.com.br\/site\/wp-content\/uploads\/2025\/10\/WhatsApp-Image-2025-09-19-at-16.18.41-6-1024x768.jpeg 1024w, http:\/\/facic-ce.com.br\/site\/wp-content\/uploads\/2025\/10\/WhatsApp-Image-2025-09-19-at-16.18.41-6-300x225.jpeg 300w, http:\/\/facic-ce.com.br\/site\/wp-content\/uploads\/2025\/10\/WhatsApp-Image-2025-09-19-at-16.18.41-6-768x576.jpeg 768w, http:\/\/facic-ce.com.br\/site\/wp-content\/uploads\/2025\/10\/WhatsApp-Image-2025-09-19-at-16.18.41-6.jpeg 1280w\" sizes=\"(max-width: 1024px) 100vw, 1024px\" \/><\/a>\n\t\t\t<\/dt><\/dl><br style=\"clear: both\" \/><dl class='gallery-item'>\n\t\t\t<dt class='gallery-icon landscape'>\n\t\t\t\t<a href='http:\/\/facic-ce.com.br\/site\/reuniao-fecomercio\/whatsapp-image-2025-09-19-at-16-18-40\/'><img width=\"1024\" height=\"768\" src=\"http:\/\/facic-ce.com.br\/site\/wp-content\/uploads\/2025\/10\/WhatsApp-Image-2025-09-19-at-16.18.40-1024x768.jpeg\" class=\"attachment-large size-large\" alt=\"\" loading=\"lazy\" srcset=\"http:\/\/facic-ce.com.br\/site\/wp-content\/uploads\/2025\/10\/WhatsApp-Image-2025-09-19-at-16.18.40-1024x768.jpeg 1024w, http:\/\/facic-ce.com.br\/site\/wp-content\/uploads\/2025\/10\/WhatsApp-Image-2025-09-19-at-16.18.40-300x225.jpeg 300w, http:\/\/facic-ce.com.br\/site\/wp-content\/uploads\/2025\/10\/WhatsApp-Image-2025-09-19-at-16.18.40-768x576.jpeg 768w, http:\/\/facic-ce.com.br\/site\/wp-content\/uploads\/2025\/10\/WhatsApp-Image-2025-09-19-at-16.18.40.jpeg 1280w\" sizes=\"(max-width: 1024px) 100vw, 1024px\" \/><\/a>\n\t\t\t<\/dt><\/dl><br style=\"clear: both\" \/>\n\t\t<\/div>\n\n<p>&nbsp;<\/p>\n","protected":false},"excerpt":{"rendered":"<p>\u2728 Hoje, 19 de setembro de 2025, \u00e0s 9h, no Senac, aconteceu o Semin\u00e1rio \u201cO Papel do Parlamento e a Import\u00e2ncia do Congresso para o Desenvolvimento do Pa\u00eds\u201d, organizado pela&#8230;<\/p>\n","protected":false},"author":2,"featured_media":9350,"comment_status":"open","ping_status":"open","sticky":false,"template":"","format":"standard","meta":[],"categories":[17,7],"tags":[],"_links":{"self":[{"href":"http:\/\/facic-ce.com.br\/site\/wp-json\/wp\/v2\/posts\/9344"}],"collection":[{"href":"http:\/\/facic-ce.com.br\/site\/wp-json\/wp\/v2\/posts"}],"about":[{"href":"http:\/\/facic-ce.com.br\/site\/wp-json\/wp\/v2\/types\/post"}],"author":[{"embeddable":true,"href":"http:\/\/facic-ce.com.br\/site\/wp-json\/wp\/v2\/users\/2"}],"replies":[{"embeddable":true,"href":"http:\/\/facic-ce.com.br\/site\/wp-json\/wp\/v2\/comments?post=9344"}],"version-history":[{"count":2,"href":"http:\/\/facic-ce.com.br\/site\/wp-json\/wp\/v2\/posts\/9344\/revisions"}],"predecessor-version":[{"id":9357,"href":"http:\/\/facic-ce.com.br\/site\/wp-json\/wp\/v2\/posts\/9344\/revisions\/9357"}],"wp:featuredmedia":[{"embeddable":true,"href":"http:\/\/facic-ce.com.br\/site\/wp-json\/wp\/v2\/media\/9350"}],"wp:attachment":[{"href":"http:\/\/facic-ce.com.br\/site\/wp-json\/wp\/v2\/media?parent=9344"}],"wp:term":[{"taxonomy":"category","embeddable":true,"href":"http:\/\/facic-ce.com.br\/site\/wp-json\/wp\/v2\/categories?post=9344"},{"taxonomy":"post_tag","embeddable":true,"href":"http:\/\/facic-ce.com.br\/site\/wp-json\/wp\/v2\/tags?post=9344"}],"curies":[{"name":"wp","href":"https:\/\/api.w.org\/{rel}","templated":true}]}}