{"id":9358,"date":"2025-09-22T16:00:16","date_gmt":"2025-09-22T19:00:16","guid":{"rendered":"http:\/\/facic-ce.com.br\/site\/?p=9358"},"modified":"2025-10-01T16:49:56","modified_gmt":"2025-10-01T19:49:56","slug":"reuniao-de-diretoria-da-fecomercio","status":"publish","type":"post","link":"http:\/\/facic-ce.com.br\/site\/reuniao-de-diretoria-da-fecomercio\/","title":{"rendered":"Reuni\u00e3o de Diretoria da Fecom\u00e9rcio"},"content":{"rendered":"<p>No \u00faltimo s\u00e1bado (20\/09), o presidente da FACIC, Cid Alves, juntamente com a diretoria, participou de reuni\u00e3o na Fecom\u00e9rcio.<br \/>\nNa ocasi\u00e3o, o presidente da Fecom\u00e9rcio-CE, Luiz Gast\u00e3o, destacou a grande import\u00e2ncia da FACIC nas tomadas de decis\u00f5es pol\u00edticas do Estado e ressaltou que, com a nova gest\u00e3o, inicia-se um novo tempo para a entidade, reafirmando sua representatividade e fortalecendo seu papel institucional.<\/p>\n<p>#FACIC #Fecom\u00e9rcioCE #CidAlves #Gest\u00e3oFACIC #NovaGest\u00e3o #Representatividade #For\u00e7aDoCom\u00e9rcio #Institucional #Empreendedorismo #Fortaleza #Cear\u00e1<\/p>\n\n\t\t<style type=\"text\/css\">\n\t\t\t#gallery-1 {\n\t\t\t\tmargin: auto;\n\t\t\t}\n\t\t\t#gallery-1 .gallery-item {\n\t\t\t\tfloat: left;\n\t\t\t\tmargin-top: 10px;\n\t\t\t\ttext-align: center;\n\t\t\t\twidth: 100%;\n\t\t\t}\n\t\t\t#gallery-1 img {\n\t\t\t\tborder: 2px solid #cfcfcf;\n\t\t\t}\n\t\t\t#gallery-1 .gallery-caption {\n\t\t\t\tmargin-left: 0;\n\t\t\t}\n\t\t\t\/* see gallery_shortcode() in wp-includes\/media.php *\/\n\t\t<\/style>\n\t\t<div id='gallery-1' class='gallery galleryid-9358 gallery-columns-1 gallery-size-large'><dl class='gallery-item'>\n\t\t\t<dt class='gallery-icon landscape'>\n\t\t\t\t<a href='http:\/\/facic-ce.com.br\/site\/reuniao-de-diretoria-da-fecomercio\/whatsapp-image-2025-09-20-at-18-11-37-1\/'><img width=\"1024\" height=\"909\" src=\"http:\/\/facic-ce.com.br\/site\/wp-content\/uploads\/2025\/09\/WhatsApp-Image-2025-09-20-at-18.11.37-1-1024x909.jpeg\" class=\"attachment-large size-large\" alt=\"\" loading=\"lazy\" srcset=\"http:\/\/facic-ce.com.br\/site\/wp-content\/uploads\/2025\/09\/WhatsApp-Image-2025-09-20-at-18.11.37-1-1024x909.jpeg 1024w, http:\/\/facic-ce.com.br\/site\/wp-content\/uploads\/2025\/09\/WhatsApp-Image-2025-09-20-at-18.11.37-1-300x266.jpeg 300w, http:\/\/facic-ce.com.br\/site\/wp-content\/uploads\/2025\/09\/WhatsApp-Image-2025-09-20-at-18.11.37-1-768x682.jpeg 768w, http:\/\/facic-ce.com.br\/site\/wp-content\/uploads\/2025\/09\/WhatsApp-Image-2025-09-20-at-18.11.37-1.jpeg 1280w\" sizes=\"(max-width: 1024px) 100vw, 1024px\" \/><\/a>\n\t\t\t<\/dt><\/dl><br style=\"clear: both\" \/><dl class='gallery-item'>\n\t\t\t<dt class='gallery-icon portrait'>\n\t\t\t\t<a href='http:\/\/facic-ce.com.br\/site\/reuniao-de-diretoria-da-fecomercio\/whatsapp-image-2025-09-20-at-18-11-36\/'><img width=\"768\" height=\"1024\" src=\"http:\/\/facic-ce.com.br\/site\/wp-content\/uploads\/2025\/09\/WhatsApp-Image-2025-09-20-at-18.11.36-768x1024.jpeg\" class=\"attachment-large size-large\" alt=\"\" loading=\"lazy\" srcset=\"http:\/\/facic-ce.com.br\/site\/wp-content\/uploads\/2025\/09\/WhatsApp-Image-2025-09-20-at-18.11.36-768x1024.jpeg 768w, http:\/\/facic-ce.com.br\/site\/wp-content\/uploads\/2025\/09\/WhatsApp-Image-2025-09-20-at-18.11.36-225x300.jpeg 225w, http:\/\/facic-ce.com.br\/site\/wp-content\/uploads\/2025\/09\/WhatsApp-Image-2025-09-20-at-18.11.36.jpeg 960w\" sizes=\"(max-width: 768px) 100vw, 768px\" \/><\/a>\n\t\t\t<\/dt><\/dl><br style=\"clear: both\" \/><dl class='gallery-item'>\n\t\t\t<dt class='gallery-icon portrait'>\n\t\t\t\t<a href='http:\/\/facic-ce.com.br\/site\/reuniao-de-diretoria-da-fecomercio\/whatsapp-image-2025-09-20-at-18-11-37\/'><img width=\"768\" height=\"1024\" src=\"http:\/\/facic-ce.com.br\/site\/wp-content\/uploads\/2025\/09\/WhatsApp-Image-2025-09-20-at-18.11.37-768x1024.jpeg\" class=\"attachment-large size-large\" alt=\"\" loading=\"lazy\" srcset=\"http:\/\/facic-ce.com.br\/site\/wp-content\/uploads\/2025\/09\/WhatsApp-Image-2025-09-20-at-18.11.37-768x1024.jpeg 768w, http:\/\/facic-ce.com.br\/site\/wp-content\/uploads\/2025\/09\/WhatsApp-Image-2025-09-20-at-18.11.37-225x300.jpeg 225w, http:\/\/facic-ce.com.br\/site\/wp-content\/uploads\/2025\/09\/WhatsApp-Image-2025-09-20-at-18.11.37.jpeg 960w\" sizes=\"(max-width: 768px) 100vw, 768px\" \/><\/a>\n\t\t\t<\/dt><\/dl><br style=\"clear: both\" \/>\n\t\t<\/div>\n\n","protected":false},"excerpt":{"rendered":"<p>No \u00faltimo s\u00e1bado (20\/09), o presidente da FACIC, Cid Alves, juntamente com a diretoria, participou de reuni\u00e3o na Fecom\u00e9rcio. Na ocasi\u00e3o, o presidente da Fecom\u00e9rcio-CE, Luiz Gast\u00e3o, destacou a grande&#8230;<\/p>\n","protected":false},"author":2,"featured_media":9362,"comment_status":"open","ping_status":"open","sticky":false,"template":"","format":"standard","meta":[],"categories":[17,7],"tags":[],"_links":{"self":[{"href":"http:\/\/facic-ce.com.br\/site\/wp-json\/wp\/v2\/posts\/9358"}],"collection":[{"href":"http:\/\/facic-ce.com.br\/site\/wp-json\/wp\/v2\/posts"}],"about":[{"href":"http:\/\/facic-ce.com.br\/site\/wp-json\/wp\/v2\/types\/post"}],"author":[{"embeddable":true,"href":"http:\/\/facic-ce.com.br\/site\/wp-json\/wp\/v2\/users\/2"}],"replies":[{"embeddable":true,"href":"http:\/\/facic-ce.com.br\/site\/wp-json\/wp\/v2\/comments?post=9358"}],"version-history":[{"count":3,"href":"http:\/\/facic-ce.com.br\/site\/wp-json\/wp\/v2\/posts\/9358\/revisions"}],"predecessor-version":[{"id":9364,"href":"http:\/\/facic-ce.com.br\/site\/wp-json\/wp\/v2\/posts\/9358\/revisions\/9364"}],"wp:featuredmedia":[{"embeddable":true,"href":"http:\/\/facic-ce.com.br\/site\/wp-json\/wp\/v2\/media\/9362"}],"wp:attachment":[{"href":"http:\/\/facic-ce.com.br\/site\/wp-json\/wp\/v2\/media?parent=9358"}],"wp:term":[{"taxonomy":"category","embeddable":true,"href":"http:\/\/facic-ce.com.br\/site\/wp-json\/wp\/v2\/categories?post=9358"},{"taxonomy":"post_tag","embeddable":true,"href":"http:\/\/facic-ce.com.br\/site\/wp-json\/wp\/v2\/tags?post=9358"}],"curies":[{"name":"wp","href":"https:\/\/api.w.org\/{rel}","templated":true}]}}