{"id":9365,"date":"2025-09-26T10:50:47","date_gmt":"2025-09-26T13:50:47","guid":{"rendered":"http:\/\/facic-ce.com.br\/site\/?p=9365"},"modified":"2025-10-01T16:59:32","modified_gmt":"2025-10-01T19:59:32","slug":"presidente-cid-alves-participa-de-comitiva-em-missao-em-portugal","status":"publish","type":"post","link":"http:\/\/facic-ce.com.br\/site\/presidente-cid-alves-participa-de-comitiva-em-missao-em-portugal\/","title":{"rendered":"Presidente Cid Alves participa de Comitiva em Miss\u00e3o em Portugal"},"content":{"rendered":"<p>\u2728 Em busca de novas oportunidades para o com\u00e9rcio cearense, uma comitiva da Fecom\u00e9rcio\/CE e Sebrae realizou uma miss\u00e3o em Portugal. \ud83c\udf0d\u2708\ufe0f<\/p>\n<p>Durante uma semana de imers\u00e3o em solo lusitano, a comitiva promoveu um interc\u00e2mbio de conhecimento e experi\u00eancias com o objetivo de impulsionar o desenvolvimento do com\u00e9rcio de bens, servi\u00e7os e turismo no Cear\u00e1. \ud83d\udcbc\ud83d\udecd\ufe0f As reuni\u00f5es realizadas com institui\u00e7\u00f5es de renome destacaram a import\u00e2ncia de estreitar la\u00e7os e estabelecer parcerias estrat\u00e9gicas que proporcionem oportunidades enriquecedoras para o estado.<\/p>\n<p>Nesta jornada, um ponto culminante foi a visita \u00e0 Embaixada do Brasil em Portugal, onde se buscou fortalecer os v\u00ednculos institucionais e articular colabora\u00e7\u00f5es capazes de transformar o cen\u00e1rio econ\u00f4mico do Cear\u00e1. \ud83c\udde7\ud83c\uddf7\ud83e\udd1d Esta miss\u00e3o marca o in\u00edcio de uma s\u00e9rie de intera\u00e7\u00f5es cujo foco \u00e9 aprimorar a presen\u00e7a do com\u00e9rcio cearense no mercado internacional.<\/p>\n<p>A comitiva se mostra receptiva a refer\u00eancias internacionais em inova\u00e7\u00e3o, forma\u00e7\u00e3o e gest\u00e3o. A troca de experi\u00eancias com institui\u00e7\u00f5es portuguesas refor\u00e7a o compromisso da Fecom\u00e9rcio\/CE e do Sebrae com a moderniza\u00e7\u00e3o, capacitando-os a oferecer servi\u00e7os de alta qualidade que beneficiem diretamente a sociedade e os empreendedores locais. \ud83d\ude80\ud83d\udca1<\/p>\n<p>Essa miss\u00e3o representa uma etapa importante na constru\u00e7\u00e3o de um futuro promissor, posicionando o Cear\u00e1 como um hub comercial inovador. A expectativa \u00e9 que cada aprendizado se transforme em a\u00e7\u00f5es concretas, promovendo o desenvolvimento do com\u00e9rcio cearense. \u2728<\/p>\n<p>#miss\u00e3oempresarial #fecom\u00e9rcioce #sebrae #portugal #inova\u00e7\u00e3o #com\u00e9rciocearense #oportunidades #parcerias #desenvolvimento #turismocearense<\/p>\n\n\t\t<style type=\"text\/css\">\n\t\t\t#gallery-1 {\n\t\t\t\tmargin: auto;\n\t\t\t}\n\t\t\t#gallery-1 .gallery-item {\n\t\t\t\tfloat: left;\n\t\t\t\tmargin-top: 10px;\n\t\t\t\ttext-align: center;\n\t\t\t\twidth: 100%;\n\t\t\t}\n\t\t\t#gallery-1 img {\n\t\t\t\tborder: 2px solid #cfcfcf;\n\t\t\t}\n\t\t\t#gallery-1 .gallery-caption {\n\t\t\t\tmargin-left: 0;\n\t\t\t}\n\t\t\t\/* see gallery_shortcode() in wp-includes\/media.php *\/\n\t\t<\/style>\n\t\t<div id='gallery-1' class='gallery galleryid-9365 gallery-columns-1 gallery-size-large'><dl class='gallery-item'>\n\t\t\t<dt class='gallery-icon portrait'>\n\t\t\t\t<a href='http:\/\/facic-ce.com.br\/site\/presidente-cid-alves-participa-de-comitiva-em-missao-em-portugal\/1-11\/'><img width=\"819\" height=\"1024\" src=\"http:\/\/facic-ce.com.br\/site\/wp-content\/uploads\/2025\/10\/1-819x1024.png\" class=\"attachment-large size-large\" alt=\"\" loading=\"lazy\" srcset=\"http:\/\/facic-ce.com.br\/site\/wp-content\/uploads\/2025\/10\/1-819x1024.png 819w, http:\/\/facic-ce.com.br\/site\/wp-content\/uploads\/2025\/10\/1-240x300.png 240w, http:\/\/facic-ce.com.br\/site\/wp-content\/uploads\/2025\/10\/1-768x960.png 768w, http:\/\/facic-ce.com.br\/site\/wp-content\/uploads\/2025\/10\/1.png 1080w\" sizes=\"(max-width: 819px) 100vw, 819px\" \/><\/a>\n\t\t\t<\/dt><\/dl><br style=\"clear: both\" \/><dl class='gallery-item'>\n\t\t\t<dt class='gallery-icon portrait'>\n\t\t\t\t<a href='http:\/\/facic-ce.com.br\/site\/presidente-cid-alves-participa-de-comitiva-em-missao-em-portugal\/2-10\/'><img width=\"819\" height=\"1024\" src=\"http:\/\/facic-ce.com.br\/site\/wp-content\/uploads\/2025\/10\/2-819x1024.png\" class=\"attachment-large size-large\" alt=\"\" loading=\"lazy\" srcset=\"http:\/\/facic-ce.com.br\/site\/wp-content\/uploads\/2025\/10\/2-819x1024.png 819w, http:\/\/facic-ce.com.br\/site\/wp-content\/uploads\/2025\/10\/2-240x300.png 240w, http:\/\/facic-ce.com.br\/site\/wp-content\/uploads\/2025\/10\/2-768x960.png 768w, http:\/\/facic-ce.com.br\/site\/wp-content\/uploads\/2025\/10\/2.png 1080w\" sizes=\"(max-width: 819px) 100vw, 819px\" \/><\/a>\n\t\t\t<\/dt><\/dl><br style=\"clear: both\" \/><dl class='gallery-item'>\n\t\t\t<dt class='gallery-icon portrait'>\n\t\t\t\t<a href='http:\/\/facic-ce.com.br\/site\/presidente-cid-alves-participa-de-comitiva-em-missao-em-portugal\/3-10\/'><img width=\"819\" height=\"1024\" src=\"http:\/\/facic-ce.com.br\/site\/wp-content\/uploads\/2025\/10\/3-819x1024.png\" class=\"attachment-large size-large\" alt=\"\" loading=\"lazy\" srcset=\"http:\/\/facic-ce.com.br\/site\/wp-content\/uploads\/2025\/10\/3-819x1024.png 819w, http:\/\/facic-ce.com.br\/site\/wp-content\/uploads\/2025\/10\/3-240x300.png 240w, http:\/\/facic-ce.com.br\/site\/wp-content\/uploads\/2025\/10\/3-768x960.png 768w, http:\/\/facic-ce.com.br\/site\/wp-content\/uploads\/2025\/10\/3.png 1080w\" sizes=\"(max-width: 819px) 100vw, 819px\" \/><\/a>\n\t\t\t<\/dt><\/dl><br style=\"clear: both\" \/><dl class='gallery-item'>\n\t\t\t<dt class='gallery-icon portrait'>\n\t\t\t\t<a href='http:\/\/facic-ce.com.br\/site\/presidente-cid-alves-participa-de-comitiva-em-missao-em-portugal\/4-6\/'><img width=\"819\" height=\"1024\" src=\"http:\/\/facic-ce.com.br\/site\/wp-content\/uploads\/2025\/10\/4-819x1024.png\" class=\"attachment-large size-large\" alt=\"\" loading=\"lazy\" srcset=\"http:\/\/facic-ce.com.br\/site\/wp-content\/uploads\/2025\/10\/4-819x1024.png 819w, http:\/\/facic-ce.com.br\/site\/wp-content\/uploads\/2025\/10\/4-240x300.png 240w, http:\/\/facic-ce.com.br\/site\/wp-content\/uploads\/2025\/10\/4-768x960.png 768w, http:\/\/facic-ce.com.br\/site\/wp-content\/uploads\/2025\/10\/4.png 1080w\" sizes=\"(max-width: 819px) 100vw, 819px\" \/><\/a>\n\t\t\t<\/dt><\/dl><br style=\"clear: both\" \/><dl class='gallery-item'>\n\t\t\t<dt class='gallery-icon portrait'>\n\t\t\t\t<a href='http:\/\/facic-ce.com.br\/site\/presidente-cid-alves-participa-de-comitiva-em-missao-em-portugal\/5-5\/'><img width=\"819\" height=\"1024\" src=\"http:\/\/facic-ce.com.br\/site\/wp-content\/uploads\/2025\/10\/5-819x1024.png\" class=\"attachment-large size-large\" alt=\"\" loading=\"lazy\" srcset=\"http:\/\/facic-ce.com.br\/site\/wp-content\/uploads\/2025\/10\/5-819x1024.png 819w, http:\/\/facic-ce.com.br\/site\/wp-content\/uploads\/2025\/10\/5-240x300.png 240w, http:\/\/facic-ce.com.br\/site\/wp-content\/uploads\/2025\/10\/5-768x960.png 768w, http:\/\/facic-ce.com.br\/site\/wp-content\/uploads\/2025\/10\/5.png 1080w\" sizes=\"(max-width: 819px) 100vw, 819px\" \/><\/a>\n\t\t\t<\/dt><\/dl><br style=\"clear: both\" \/><dl class='gallery-item'>\n\t\t\t<dt class='gallery-icon portrait'>\n\t\t\t\t<a href='http:\/\/facic-ce.com.br\/site\/presidente-cid-alves-participa-de-comitiva-em-missao-em-portugal\/6-4\/'><img width=\"819\" height=\"1024\" src=\"http:\/\/facic-ce.com.br\/site\/wp-content\/uploads\/2025\/10\/6-819x1024.png\" class=\"attachment-large size-large\" alt=\"\" loading=\"lazy\" srcset=\"http:\/\/facic-ce.com.br\/site\/wp-content\/uploads\/2025\/10\/6-819x1024.png 819w, http:\/\/facic-ce.com.br\/site\/wp-content\/uploads\/2025\/10\/6-240x300.png 240w, http:\/\/facic-ce.com.br\/site\/wp-content\/uploads\/2025\/10\/6-768x960.png 768w, http:\/\/facic-ce.com.br\/site\/wp-content\/uploads\/2025\/10\/6.png 1080w\" sizes=\"(max-width: 819px) 100vw, 819px\" \/><\/a>\n\t\t\t<\/dt><\/dl><br style=\"clear: both\" \/>\n\t\t<\/div>\n\n","protected":false},"excerpt":{"rendered":"<p>\u2728 Em busca de novas oportunidades para o com\u00e9rcio cearense, uma comitiva da Fecom\u00e9rcio\/CE e Sebrae realizou uma miss\u00e3o em Portugal. \ud83c\udf0d\u2708\ufe0f Durante uma semana de imers\u00e3o em solo lusitano,&#8230;<\/p>\n","protected":false},"author":2,"featured_media":9368,"comment_status":"open","ping_status":"open","sticky":false,"template":"","format":"standard","meta":[],"categories":[17,7],"tags":[],"_links":{"self":[{"href":"http:\/\/facic-ce.com.br\/site\/wp-json\/wp\/v2\/posts\/9365"}],"collection":[{"href":"http:\/\/facic-ce.com.br\/site\/wp-json\/wp\/v2\/posts"}],"about":[{"href":"http:\/\/facic-ce.com.br\/site\/wp-json\/wp\/v2\/types\/post"}],"author":[{"embeddable":true,"href":"http:\/\/facic-ce.com.br\/site\/wp-json\/wp\/v2\/users\/2"}],"replies":[{"embeddable":true,"href":"http:\/\/facic-ce.com.br\/site\/wp-json\/wp\/v2\/comments?post=9365"}],"version-history":[{"count":1,"href":"http:\/\/facic-ce.com.br\/site\/wp-json\/wp\/v2\/posts\/9365\/revisions"}],"predecessor-version":[{"id":9372,"href":"http:\/\/facic-ce.com.br\/site\/wp-json\/wp\/v2\/posts\/9365\/revisions\/9372"}],"wp:featuredmedia":[{"embeddable":true,"href":"http:\/\/facic-ce.com.br\/site\/wp-json\/wp\/v2\/media\/9368"}],"wp:attachment":[{"href":"http:\/\/facic-ce.com.br\/site\/wp-json\/wp\/v2\/media?parent=9365"}],"wp:term":[{"taxonomy":"category","embeddable":true,"href":"http:\/\/facic-ce.com.br\/site\/wp-json\/wp\/v2\/categories?post=9365"},{"taxonomy":"post_tag","embeddable":true,"href":"http:\/\/facic-ce.com.br\/site\/wp-json\/wp\/v2\/tags?post=9365"}],"curies":[{"name":"wp","href":"https:\/\/api.w.org\/{rel}","templated":true}]}}