{"id":9373,"date":"2025-10-02T14:13:15","date_gmt":"2025-10-02T17:13:15","guid":{"rendered":"http:\/\/facic-ce.com.br\/site\/?p=9373"},"modified":"2025-10-02T14:13:15","modified_gmt":"2025-10-02T17:13:15","slug":"o-presidente-cid-alves-foi-homenageado-durante-a-posse-da-nova-diretoria-da-fajece","status":"publish","type":"post","link":"http:\/\/facic-ce.com.br\/site\/o-presidente-cid-alves-foi-homenageado-durante-a-posse-da-nova-diretoria-da-fajece\/","title":{"rendered":"O presidente Cid Alves foi homenageado durante a Posse da nova diretoria da FAJECE"},"content":{"rendered":"<p>O presidente Cid Alves recebeu a comenda &#8220;Inspira\u00e7\u00e3o Empresarial&#8221; em reconhecimento \u00e0 sua destacada trajet\u00f3ria de lideran\u00e7a e relevante contribui\u00e7\u00e3o ao meio empresarial. Essa homenagem ressalta seu legado de lideran\u00e7a e sua contribui\u00e7\u00e3o exemplar ao setor empresarial, refor\u00e7ando seu papel de destaque no com\u00e9rcio, ind\u00fastria, servi\u00e7os e agropecu\u00e1ria do Cear\u00e1. Cid Alves ocupa posi\u00e7\u00f5es importantes em v\u00e1rias entidades empresariais, o que amplia sua representatividade e influ\u00eancia no associativismo empresarial.<\/p>\n\n\t\t<style type=\"text\/css\">\n\t\t\t#gallery-1 {\n\t\t\t\tmargin: auto;\n\t\t\t}\n\t\t\t#gallery-1 .gallery-item {\n\t\t\t\tfloat: left;\n\t\t\t\tmargin-top: 10px;\n\t\t\t\ttext-align: center;\n\t\t\t\twidth: 100%;\n\t\t\t}\n\t\t\t#gallery-1 img {\n\t\t\t\tborder: 2px solid #cfcfcf;\n\t\t\t}\n\t\t\t#gallery-1 .gallery-caption {\n\t\t\t\tmargin-left: 0;\n\t\t\t}\n\t\t\t\/* see gallery_shortcode() in wp-includes\/media.php *\/\n\t\t<\/style>\n\t\t<div id='gallery-1' class='gallery galleryid-9373 gallery-columns-1 gallery-size-full'><dl class='gallery-item'>\n\t\t\t<dt class='gallery-icon landscape'>\n\t\t\t\t<a href='http:\/\/facic-ce.com.br\/site\/o-presidente-cid-alves-foi-homenageado-durante-a-posse-da-nova-diretoria-da-fajece\/whatsapp-image-2025-10-02-at-11-58-46-1\/'><img width=\"599\" height=\"432\" src=\"http:\/\/facic-ce.com.br\/site\/wp-content\/uploads\/2025\/10\/WhatsApp-Image-2025-10-02-at-11.58.46-1.jpeg\" class=\"attachment-full size-full\" alt=\"\" loading=\"lazy\" srcset=\"http:\/\/facic-ce.com.br\/site\/wp-content\/uploads\/2025\/10\/WhatsApp-Image-2025-10-02-at-11.58.46-1.jpeg 599w, http:\/\/facic-ce.com.br\/site\/wp-content\/uploads\/2025\/10\/WhatsApp-Image-2025-10-02-at-11.58.46-1-300x216.jpeg 300w\" sizes=\"(max-width: 599px) 100vw, 599px\" \/><\/a>\n\t\t\t<\/dt><\/dl><br style=\"clear: both\" \/><dl class='gallery-item'>\n\t\t\t<dt class='gallery-icon landscape'>\n\t\t\t\t<a href='http:\/\/facic-ce.com.br\/site\/o-presidente-cid-alves-foi-homenageado-durante-a-posse-da-nova-diretoria-da-fajece\/whatsapp-image-2025-10-02-at-11-58-46\/'><img width=\"702\" height=\"465\" src=\"http:\/\/facic-ce.com.br\/site\/wp-content\/uploads\/2025\/10\/WhatsApp-Image-2025-10-02-at-11.58.46.jpeg\" class=\"attachment-full size-full\" alt=\"\" loading=\"lazy\" srcset=\"http:\/\/facic-ce.com.br\/site\/wp-content\/uploads\/2025\/10\/WhatsApp-Image-2025-10-02-at-11.58.46.jpeg 702w, http:\/\/facic-ce.com.br\/site\/wp-content\/uploads\/2025\/10\/WhatsApp-Image-2025-10-02-at-11.58.46-300x199.jpeg 300w\" sizes=\"(max-width: 702px) 100vw, 702px\" \/><\/a>\n\t\t\t<\/dt><\/dl><br style=\"clear: both\" \/><dl class='gallery-item'>\n\t\t\t<dt class='gallery-icon landscape'>\n\t\t\t\t<a href='http:\/\/facic-ce.com.br\/site\/o-presidente-cid-alves-foi-homenageado-durante-a-posse-da-nova-diretoria-da-fajece\/whatsapp-image-2025-10-02-at-11-58-45\/'><img width=\"654\" height=\"471\" src=\"http:\/\/facic-ce.com.br\/site\/wp-content\/uploads\/2025\/10\/WhatsApp-Image-2025-10-02-at-11.58.45.jpeg\" class=\"attachment-full size-full\" alt=\"\" loading=\"lazy\" srcset=\"http:\/\/facic-ce.com.br\/site\/wp-content\/uploads\/2025\/10\/WhatsApp-Image-2025-10-02-at-11.58.45.jpeg 654w, http:\/\/facic-ce.com.br\/site\/wp-content\/uploads\/2025\/10\/WhatsApp-Image-2025-10-02-at-11.58.45-300x216.jpeg 300w\" sizes=\"(max-width: 654px) 100vw, 654px\" \/><\/a>\n\t\t\t<\/dt><\/dl><br style=\"clear: both\" \/><dl class='gallery-item'>\n\t\t\t<dt class='gallery-icon landscape'>\n\t\t\t\t<a href='http:\/\/facic-ce.com.br\/site\/o-presidente-cid-alves-foi-homenageado-durante-a-posse-da-nova-diretoria-da-fajece\/whatsapp-image-2025-10-01-at-14-01-28-1\/'><img width=\"1155\" height=\"889\" src=\"http:\/\/facic-ce.com.br\/site\/wp-content\/uploads\/2025\/10\/WhatsApp-Image-2025-10-01-at-14.01.28-1-e1759425125821.jpeg\" class=\"attachment-full size-full\" alt=\"\" loading=\"lazy\" srcset=\"http:\/\/facic-ce.com.br\/site\/wp-content\/uploads\/2025\/10\/WhatsApp-Image-2025-10-01-at-14.01.28-1-e1759425125821.jpeg 1155w, http:\/\/facic-ce.com.br\/site\/wp-content\/uploads\/2025\/10\/WhatsApp-Image-2025-10-01-at-14.01.28-1-e1759425125821-300x231.jpeg 300w, http:\/\/facic-ce.com.br\/site\/wp-content\/uploads\/2025\/10\/WhatsApp-Image-2025-10-01-at-14.01.28-1-e1759425125821-1024x788.jpeg 1024w, http:\/\/facic-ce.com.br\/site\/wp-content\/uploads\/2025\/10\/WhatsApp-Image-2025-10-01-at-14.01.28-1-e1759425125821-768x591.jpeg 768w\" sizes=\"(max-width: 1155px) 100vw, 1155px\" \/><\/a>\n\t\t\t<\/dt><\/dl><br style=\"clear: both\" \/><dl class='gallery-item'>\n\t\t\t<dt class='gallery-icon landscape'>\n\t\t\t\t<a href='http:\/\/facic-ce.com.br\/site\/o-presidente-cid-alves-foi-homenageado-durante-a-posse-da-nova-diretoria-da-fajece\/tiago-guimaraes-fabiano-barreira-cid-alves-e-luiz-fernando-bittencourt-2\/'><img width=\"1000\" height=\"667\" src=\"http:\/\/facic-ce.com.br\/site\/wp-content\/uploads\/2025\/10\/tiago-guimaraes-fabiano-barreira-cid-alves-e-luiz-fernando-bittencourt-2.jpg\" class=\"attachment-full size-full\" alt=\"\" loading=\"lazy\" srcset=\"http:\/\/facic-ce.com.br\/site\/wp-content\/uploads\/2025\/10\/tiago-guimaraes-fabiano-barreira-cid-alves-e-luiz-fernando-bittencourt-2.jpg 1000w, http:\/\/facic-ce.com.br\/site\/wp-content\/uploads\/2025\/10\/tiago-guimaraes-fabiano-barreira-cid-alves-e-luiz-fernando-bittencourt-2-300x200.jpg 300w, http:\/\/facic-ce.com.br\/site\/wp-content\/uploads\/2025\/10\/tiago-guimaraes-fabiano-barreira-cid-alves-e-luiz-fernando-bittencourt-2-768x512.jpg 768w, http:\/\/facic-ce.com.br\/site\/wp-content\/uploads\/2025\/10\/tiago-guimaraes-fabiano-barreira-cid-alves-e-luiz-fernando-bittencourt-2-900x600.jpg 900w\" sizes=\"(max-width: 1000px) 100vw, 1000px\" \/><\/a>\n\t\t\t<\/dt><\/dl><br style=\"clear: both\" \/>\n\t\t<\/div>\n\n<p>&nbsp;<\/p>\n","protected":false},"excerpt":{"rendered":"<p>O presidente Cid Alves recebeu a comenda &#8220;Inspira\u00e7\u00e3o Empresarial&#8221; em reconhecimento \u00e0 sua destacada trajet\u00f3ria de lideran\u00e7a e relevante contribui\u00e7\u00e3o ao meio empresarial. Essa homenagem ressalta seu legado de lideran\u00e7a&#8230;<\/p>\n","protected":false},"author":2,"featured_media":9376,"comment_status":"open","ping_status":"open","sticky":false,"template":"","format":"standard","meta":[],"categories":[17,7],"tags":[],"_links":{"self":[{"href":"http:\/\/facic-ce.com.br\/site\/wp-json\/wp\/v2\/posts\/9373"}],"collection":[{"href":"http:\/\/facic-ce.com.br\/site\/wp-json\/wp\/v2\/posts"}],"about":[{"href":"http:\/\/facic-ce.com.br\/site\/wp-json\/wp\/v2\/types\/post"}],"author":[{"embeddable":true,"href":"http:\/\/facic-ce.com.br\/site\/wp-json\/wp\/v2\/users\/2"}],"replies":[{"embeddable":true,"href":"http:\/\/facic-ce.com.br\/site\/wp-json\/wp\/v2\/comments?post=9373"}],"version-history":[{"count":1,"href":"http:\/\/facic-ce.com.br\/site\/wp-json\/wp\/v2\/posts\/9373\/revisions"}],"predecessor-version":[{"id":9379,"href":"http:\/\/facic-ce.com.br\/site\/wp-json\/wp\/v2\/posts\/9373\/revisions\/9379"}],"wp:featuredmedia":[{"embeddable":true,"href":"http:\/\/facic-ce.com.br\/site\/wp-json\/wp\/v2\/media\/9376"}],"wp:attachment":[{"href":"http:\/\/facic-ce.com.br\/site\/wp-json\/wp\/v2\/media?parent=9373"}],"wp:term":[{"taxonomy":"category","embeddable":true,"href":"http:\/\/facic-ce.com.br\/site\/wp-json\/wp\/v2\/categories?post=9373"},{"taxonomy":"post_tag","embeddable":true,"href":"http:\/\/facic-ce.com.br\/site\/wp-json\/wp\/v2\/tags?post=9373"}],"curies":[{"name":"wp","href":"https:\/\/api.w.org\/{rel}","templated":true}]}}