{"id":9381,"date":"2025-10-09T16:29:02","date_gmt":"2025-10-09T19:29:02","guid":{"rendered":"http:\/\/facic-ce.com.br\/site\/?p=9381"},"modified":"2025-10-09T16:29:22","modified_gmt":"2025-10-09T19:29:22","slug":"nota-de-agradecimento","status":"publish","type":"post","link":"http:\/\/facic-ce.com.br\/site\/nota-de-agradecimento\/","title":{"rendered":"NOTA DE AGRADECIMENTO"},"content":{"rendered":"<p><img loading=\"lazy\" class=\"alignnone size-full wp-image-9382\" src=\"http:\/\/facic-ce.com.br\/site\/wp-content\/uploads\/2025\/10\/WhatsApp-Image-2025-10-09-at-16.20.44.jpeg\" alt=\"\" width=\"1080\" height=\"1080\" srcset=\"http:\/\/facic-ce.com.br\/site\/wp-content\/uploads\/2025\/10\/WhatsApp-Image-2025-10-09-at-16.20.44.jpeg 1080w, http:\/\/facic-ce.com.br\/site\/wp-content\/uploads\/2025\/10\/WhatsApp-Image-2025-10-09-at-16.20.44-300x300.jpeg 300w, http:\/\/facic-ce.com.br\/site\/wp-content\/uploads\/2025\/10\/WhatsApp-Image-2025-10-09-at-16.20.44-1024x1024.jpeg 1024w, http:\/\/facic-ce.com.br\/site\/wp-content\/uploads\/2025\/10\/WhatsApp-Image-2025-10-09-at-16.20.44-768x768.jpeg 768w, http:\/\/facic-ce.com.br\/site\/wp-content\/uploads\/2025\/10\/WhatsApp-Image-2025-10-09-at-16.20.44-100x100.jpeg 100w, http:\/\/facic-ce.com.br\/site\/wp-content\/uploads\/2025\/10\/WhatsApp-Image-2025-10-09-at-16.20.44-140x140.jpeg 140w, http:\/\/facic-ce.com.br\/site\/wp-content\/uploads\/2025\/10\/WhatsApp-Image-2025-10-09-at-16.20.44-500x500.jpeg 500w, http:\/\/facic-ce.com.br\/site\/wp-content\/uploads\/2025\/10\/WhatsApp-Image-2025-10-09-at-16.20.44-350x350.jpeg 350w, http:\/\/facic-ce.com.br\/site\/wp-content\/uploads\/2025\/10\/WhatsApp-Image-2025-10-09-at-16.20.44-1000x1000.jpeg 1000w, http:\/\/facic-ce.com.br\/site\/wp-content\/uploads\/2025\/10\/WhatsApp-Image-2025-10-09-at-16.20.44-800x800.jpeg 800w\" sizes=\"(max-width: 1080px) 100vw, 1080px\" \/>A Federa\u00e7\u00e3o das Associa\u00e7\u00f5es do Com\u00e9rcio, Ind\u00fastria, Servi\u00e7os e Agropecuaria do Cear\u00e1 (FACIC) reconhece e agradece o trabalho do deputado federal Luiz Gast\u00e3o (PSD-CE), pela atua\u00e7\u00e3o firme e comprometida na vota\u00e7\u00e3o que tratou da redu\u00e7\u00e3o do IOF, medida que representa um importante avan\u00e7o para o setor produtivo e para o ambiente de neg\u00f3cios do pa\u00eds.<\/p>\n<p>Sua atua\u00e7\u00e3o em defesa das empresas e dos empreendedores reafirma o compromisso permanente com o desenvolvimento econ\u00f4mico sustent\u00e1vel, a gera\u00e7\u00e3o de emprego e renda e o fortalecimento do com\u00e9rcio de bens, servi\u00e7os e turismo.<\/p>\n<p>O di\u00e1logo e a lideran\u00e7a exercidos pelo deputado Luiz Gast\u00e3o seguem contribuindo de forma decisiva para uma pol\u00edtica tribut\u00e1ria mais justa e favor\u00e1vel ao crescimento do Brasil.<\/p>\n","protected":false},"excerpt":{"rendered":"<p>A Federa\u00e7\u00e3o das Associa\u00e7\u00f5es do Com\u00e9rcio, Ind\u00fastria, Servi\u00e7os e Agropecuaria do Cear\u00e1 (FACIC) reconhece e agradece o trabalho do deputado federal Luiz Gast\u00e3o (PSD-CE), pela atua\u00e7\u00e3o firme e comprometida na&#8230;<\/p>\n","protected":false},"author":2,"featured_media":0,"comment_status":"open","ping_status":"open","sticky":false,"template":"","format":"standard","meta":[],"categories":[17,7],"tags":[],"_links":{"self":[{"href":"http:\/\/facic-ce.com.br\/site\/wp-json\/wp\/v2\/posts\/9381"}],"collection":[{"href":"http:\/\/facic-ce.com.br\/site\/wp-json\/wp\/v2\/posts"}],"about":[{"href":"http:\/\/facic-ce.com.br\/site\/wp-json\/wp\/v2\/types\/post"}],"author":[{"embeddable":true,"href":"http:\/\/facic-ce.com.br\/site\/wp-json\/wp\/v2\/users\/2"}],"replies":[{"embeddable":true,"href":"http:\/\/facic-ce.com.br\/site\/wp-json\/wp\/v2\/comments?post=9381"}],"version-history":[{"count":1,"href":"http:\/\/facic-ce.com.br\/site\/wp-json\/wp\/v2\/posts\/9381\/revisions"}],"predecessor-version":[{"id":9383,"href":"http:\/\/facic-ce.com.br\/site\/wp-json\/wp\/v2\/posts\/9381\/revisions\/9383"}],"wp:attachment":[{"href":"http:\/\/facic-ce.com.br\/site\/wp-json\/wp\/v2\/media?parent=9381"}],"wp:term":[{"taxonomy":"category","embeddable":true,"href":"http:\/\/facic-ce.com.br\/site\/wp-json\/wp\/v2\/categories?post=9381"},{"taxonomy":"post_tag","embeddable":true,"href":"http:\/\/facic-ce.com.br\/site\/wp-json\/wp\/v2\/tags?post=9381"}],"curies":[{"name":"wp","href":"https:\/\/api.w.org\/{rel}","templated":true}]}}