{"id":9410,"date":"2025-10-10T12:15:47","date_gmt":"2025-10-10T15:15:47","guid":{"rendered":"http:\/\/facic-ce.com.br\/site\/?p=9410"},"modified":"2025-10-22T12:18:16","modified_gmt":"2025-10-22T15:18:16","slug":"diretora-dalvani-marques-recebeu-trofeu-mulher-empreendedora-barbara-de-alencar","status":"publish","type":"post","link":"http:\/\/facic-ce.com.br\/site\/diretora-dalvani-marques-recebeu-trofeu-mulher-empreendedora-barbara-de-alencar\/","title":{"rendered":"Diretora Dalvani Marques recebeu Trof\u00e9u Mulher Empreendedora B\u00e1rbara de Alencar"},"content":{"rendered":"<p>O presidente da FACIC, Cid Alves, participou da abertura oficial da Feira do Empreendedor 2025, realizada ontem no Centro de Eventos do Cear\u00e1.<br \/>\nO encontro reuniu grandes nomes do setor produtivo e marcou mais um importante momento de valoriza\u00e7\u00e3o do empreendedorismo cearense.<\/p>\n<p>Na ocasi\u00e3o, nossa diretora Dalvani Marques foi homenageada com o premia\u00e7\u00e3o cearense criada pelo Conselho da Mulher Empreendedora e da Cultura (CMEC) e pela Associa\u00e7\u00e3o Comercial do Cear\u00e1 (ACC) para reconhecer mulheres que se destacam pela gest\u00e3o, inova\u00e7\u00e3o e impacto nos neg\u00f3cios e na sociedade.<img loading=\"lazy\" class=\"alignnone size-full wp-image-9411\" src=\"http:\/\/facic-ce.com.br\/site\/wp-content\/uploads\/2025\/10\/WhatsApp-Image-2025-10-10-at-13.24.27.jpeg\" alt=\"\" width=\"1080\" height=\"1350\" srcset=\"http:\/\/facic-ce.com.br\/site\/wp-content\/uploads\/2025\/10\/WhatsApp-Image-2025-10-10-at-13.24.27.jpeg 1080w, http:\/\/facic-ce.com.br\/site\/wp-content\/uploads\/2025\/10\/WhatsApp-Image-2025-10-10-at-13.24.27-240x300.jpeg 240w, http:\/\/facic-ce.com.br\/site\/wp-content\/uploads\/2025\/10\/WhatsApp-Image-2025-10-10-at-13.24.27-819x1024.jpeg 819w, http:\/\/facic-ce.com.br\/site\/wp-content\/uploads\/2025\/10\/WhatsApp-Image-2025-10-10-at-13.24.27-768x960.jpeg 768w\" sizes=\"(max-width: 1080px) 100vw, 1080px\" \/><\/p>\n<p>O trof\u00e9u homenageia B\u00e1rbara de Alencar, pioneira republicana e s\u00edmbolo de coragem e lideran\u00e7a, celebrando a for\u00e7a e o protagonismo feminino no desenvolvimento do Cear\u00e1.<\/p>\n<p>\u2728 Parabenizamos a diretora Dalvani Marques por essa merecida homenagem e reiteramos o orgulho da FACIC em ter representantes que fazem a diferen\u00e7a no cen\u00e1rio empresarial cearense.<\/p>\n<p>#FACIC #Empreendedorismo #FeiraDoEmpreendedor2025 #MulherEmpreendedora #DalvaniMarques #CidAlves #BarbaraDeAlencar #CMEC #ACC #Lideran\u00e7aFeminina #ProtagonismoFeminino #OrgulhoFACIC<\/p>\n","protected":false},"excerpt":{"rendered":"<p>O presidente da FACIC, Cid Alves, participou da abertura oficial da Feira do Empreendedor 2025, realizada ontem no Centro de Eventos do Cear\u00e1. O encontro reuniu grandes nomes do setor&#8230;<\/p>\n","protected":false},"author":2,"featured_media":9413,"comment_status":"open","ping_status":"open","sticky":false,"template":"","format":"standard","meta":[],"categories":[17,7],"tags":[],"_links":{"self":[{"href":"http:\/\/facic-ce.com.br\/site\/wp-json\/wp\/v2\/posts\/9410"}],"collection":[{"href":"http:\/\/facic-ce.com.br\/site\/wp-json\/wp\/v2\/posts"}],"about":[{"href":"http:\/\/facic-ce.com.br\/site\/wp-json\/wp\/v2\/types\/post"}],"author":[{"embeddable":true,"href":"http:\/\/facic-ce.com.br\/site\/wp-json\/wp\/v2\/users\/2"}],"replies":[{"embeddable":true,"href":"http:\/\/facic-ce.com.br\/site\/wp-json\/wp\/v2\/comments?post=9410"}],"version-history":[{"count":1,"href":"http:\/\/facic-ce.com.br\/site\/wp-json\/wp\/v2\/posts\/9410\/revisions"}],"predecessor-version":[{"id":9412,"href":"http:\/\/facic-ce.com.br\/site\/wp-json\/wp\/v2\/posts\/9410\/revisions\/9412"}],"wp:featuredmedia":[{"embeddable":true,"href":"http:\/\/facic-ce.com.br\/site\/wp-json\/wp\/v2\/media\/9413"}],"wp:attachment":[{"href":"http:\/\/facic-ce.com.br\/site\/wp-json\/wp\/v2\/media?parent=9410"}],"wp:term":[{"taxonomy":"category","embeddable":true,"href":"http:\/\/facic-ce.com.br\/site\/wp-json\/wp\/v2\/categories?post=9410"},{"taxonomy":"post_tag","embeddable":true,"href":"http:\/\/facic-ce.com.br\/site\/wp-json\/wp\/v2\/tags?post=9410"}],"curies":[{"name":"wp","href":"https:\/\/api.w.org\/{rel}","templated":true}]}}